
{"id":27612,"date":"2021-11-28T18:16:00","date_gmt":"2021-11-28T18:16:00","guid":{"rendered":"https:\/\/www.lejournalduforkane.com\/?p=27612"},"modified":"2021-12-01T18:19:19","modified_gmt":"2021-12-01T18:19:19","slug":"hollywood-et-les-arabes","status":"publish","type":"post","link":"https:\/\/www.lejournalduforkane.com\/index.php\/hollywood-et-les-arabes\/","title":{"rendered":"Hollywood et les Arabes"},"content":{"rendered":"<div class=\"kvgmc6g5 cxmmr5t8 oygrvhab hcukyx3x c1et5uql ii04i59q\">\n<div dir=\"auto\">Hollywood et les Arabes<\/div>\n<div dir=\"auto\">\u00a0<\/div>\n<\/div>\n<div class=\"o9v6fnle cxmmr5t8 oygrvhab hcukyx3x c1et5uql ii04i59q\">\n<div dir=\"auto\">En Occident, on ne na\u00eet pas islamophobe, mais on a beaucoup de chance de le devenir \u00e0 cause du cin\u00e9ma hollywoodien.<\/div>\n<div dir=\"auto\">\u00a0<\/div>\n<\/div>\n<div class=\"o9v6fnle cxmmr5t8 oygrvhab hcukyx3x c1et5uql ii04i59q\">\n<div dir=\"auto\">Ce documentaire montre \u00e0 quel point les Arabes et les musulmans ont \u00e9t\u00e9 syst\u00e9matiquement d\u00e9nigr\u00e9s par le cin\u00e9ma hollywoodien.<\/div>\n<\/div>\n\n\n<figure class=\"wp-block-embed is-type-video is-provider-youtube wp-block-embed-youtube wp-embed-aspect-4-3 wp-has-aspect-ratio\"><div class=\"wp-block-embed__wrapper\">\n<iframe loading=\"lazy\" title=\"Hollywood et les Arabes\" width=\"500\" height=\"375\" src=\"https:\/\/www.youtube.com\/embed\/oIFrMvmv8Lk?feature=oembed\" frameborder=\"0\" allow=\"accelerometer; autoplay; clipboard-write; encrypted-media; gyroscope; picture-in-picture\" allowfullscreen><\/iframe>\n<\/div><\/figure>\n","protected":false},"excerpt":{"rendered":"<p>Hollywood et les Arabes \u00a0 En Occident, on ne na\u00eet pas islamophobe, mais on a beaucoup de chance de le devenir \u00e0 cause du cin\u00e9ma hollywoodien. \u00a0 Ce documentaire montre<\/p>\n","protected":false},"author":2,"featured_media":27613,"comment_status":"closed","ping_status":"open","sticky":false,"template":"","format":"standard","meta":[],"categories":[],"tags":[],"_links":{"self":[{"href":"https:\/\/www.lejournalduforkane.com\/index.php\/wp-json\/wp\/v2\/posts\/27612"}],"collection":[{"href":"https:\/\/www.lejournalduforkane.com\/index.php\/wp-json\/wp\/v2\/posts"}],"about":[{"href":"https:\/\/www.lejournalduforkane.com\/index.php\/wp-json\/wp\/v2\/types\/post"}],"author":[{"embeddable":true,"href":"https:\/\/www.lejournalduforkane.com\/index.php\/wp-json\/wp\/v2\/users\/2"}],"replies":[{"embeddable":true,"href":"https:\/\/www.lejournalduforkane.com\/index.php\/wp-json\/wp\/v2\/comments?post=27612"}],"version-history":[{"count":1,"href":"https:\/\/www.lejournalduforkane.com\/index.php\/wp-json\/wp\/v2\/posts\/27612\/revisions"}],"predecessor-version":[{"id":27614,"href":"https:\/\/www.lejournalduforkane.com\/index.php\/wp-json\/wp\/v2\/posts\/27612\/revisions\/27614"}],"wp:featuredmedia":[{"embeddable":true,"href":"https:\/\/www.lejournalduforkane.com\/index.php\/wp-json\/wp\/v2\/media\/27613"}],"wp:attachment":[{"href":"https:\/\/www.lejournalduforkane.com\/index.php\/wp-json\/wp\/v2\/media?parent=27612"}],"wp:term":[{"taxonomy":"category","embeddable":true,"href":"https:\/\/www.lejournalduforkane.com\/index.php\/wp-json\/wp\/v2\/categories?post=27612"},{"taxonomy":"post_tag","embeddable":true,"href":"https:\/\/www.lejournalduforkane.com\/index.php\/wp-json\/wp\/v2\/tags?post=27612"}],"curies":[{"name":"wp","href":"https:\/\/api.w.org\/{rel}","templated":true}]}}