
{"id":27650,"date":"2021-12-05T18:26:00","date_gmt":"2021-12-05T18:26:00","guid":{"rendered":"https:\/\/www.lejournalduforkane.com\/?p=27650"},"modified":"2021-12-08T18:29:06","modified_gmt":"2021-12-08T18:29:06","slug":"il-est-tombe-martyr-cest-une-execution-extra-judiciaire-point-barre","status":"publish","type":"post","link":"https:\/\/www.lejournalduforkane.com\/index.php\/il-est-tombe-martyr-cest-une-execution-extra-judiciaire-point-barre\/","title":{"rendered":"Il est tomb\u00e9 martyr. C&rsquo;est une ex\u00e9cution extra-judiciaire, point barre"},"content":{"rendered":"\n<iframe loading=\"lazy\" src=\"https:\/\/www.facebook.com\/plugins\/video.php?height=476&#038;href=https%3A%2F%2Fwww.facebook.com%2Fle.journal.du.forqane%2Fvideos%2F235065838607844%2F&#038;show_text=false&#038;width=269&#038;t=0\" width=\"269\" height=\"476\" style=\"border:none;overflow:hidden\" scrolling=\"no\" frameborder=\"0\" allowfullscreen=\"true\" allow=\"autoplay; clipboard-write; encrypted-media; picture-in-picture; web-share\" allowFullScreen=\"true\"><\/iframe>\n\n\n<div class=\"kvgmc6g5 cxmmr5t8 oygrvhab hcukyx3x c1et5uql ii04i59q\">\n<div dir=\"auto\">Les forces d&rsquo;occupation isra\u00e9liennes tirent \u00e0 plusieurs reprises sur un Palestinien (qui aurait men\u00e9 une attaque au couteau) alors qu&rsquo;il gisait au sol, d\u00e9sarm\u00e9 et ne repr\u00e9sentant aucune menace pour quiconque.<\/div>\n<\/div>\n<div class=\"o9v6fnle cxmmr5t8 oygrvhab hcukyx3x c1et5uql ii04i59q\">\n<div dir=\"auto\">Il est tomb\u00e9 martyr. C&rsquo;est une ex\u00e9cution extra-judiciaire, point barre<\/div>\n<\/div>","protected":false},"excerpt":{"rendered":"<p>Les forces d&rsquo;occupation isra\u00e9liennes tirent \u00e0 plusieurs reprises sur un Palestinien (qui aurait men\u00e9 une attaque au couteau) alors qu&rsquo;il gisait au sol, d\u00e9sarm\u00e9 et ne repr\u00e9sentant aucune menace pour<\/p>\n","protected":false},"author":2,"featured_media":27651,"comment_status":"closed","ping_status":"open","sticky":false,"template":"","format":"standard","meta":[],"categories":[],"tags":[],"_links":{"self":[{"href":"https:\/\/www.lejournalduforkane.com\/index.php\/wp-json\/wp\/v2\/posts\/27650"}],"collection":[{"href":"https:\/\/www.lejournalduforkane.com\/index.php\/wp-json\/wp\/v2\/posts"}],"about":[{"href":"https:\/\/www.lejournalduforkane.com\/index.php\/wp-json\/wp\/v2\/types\/post"}],"author":[{"embeddable":true,"href":"https:\/\/www.lejournalduforkane.com\/index.php\/wp-json\/wp\/v2\/users\/2"}],"replies":[{"embeddable":true,"href":"https:\/\/www.lejournalduforkane.com\/index.php\/wp-json\/wp\/v2\/comments?post=27650"}],"version-history":[{"count":1,"href":"https:\/\/www.lejournalduforkane.com\/index.php\/wp-json\/wp\/v2\/posts\/27650\/revisions"}],"predecessor-version":[{"id":27652,"href":"https:\/\/www.lejournalduforkane.com\/index.php\/wp-json\/wp\/v2\/posts\/27650\/revisions\/27652"}],"wp:featuredmedia":[{"embeddable":true,"href":"https:\/\/www.lejournalduforkane.com\/index.php\/wp-json\/wp\/v2\/media\/27651"}],"wp:attachment":[{"href":"https:\/\/www.lejournalduforkane.com\/index.php\/wp-json\/wp\/v2\/media?parent=27650"}],"wp:term":[{"taxonomy":"category","embeddable":true,"href":"https:\/\/www.lejournalduforkane.com\/index.php\/wp-json\/wp\/v2\/categories?post=27650"},{"taxonomy":"post_tag","embeddable":true,"href":"https:\/\/www.lejournalduforkane.com\/index.php\/wp-json\/wp\/v2\/tags?post=27650"}],"curies":[{"name":"wp","href":"https:\/\/api.w.org\/{rel}","templated":true}]}}