
{"id":27679,"date":"2021-12-19T18:17:00","date_gmt":"2021-12-19T18:17:00","guid":{"rendered":"https:\/\/www.lejournalduforkane.com\/?p=27679"},"modified":"2021-12-22T18:20:04","modified_gmt":"2021-12-22T18:20:04","slug":"aujourdhui-a-alep-ont-commence-les-celebrations-du-5e-anniversaire-de-la-liberation-de-la-victoire-epique-de-larmee-arabe-syrienne-ses-allies-sur-le-terrorisme-cree-et-finance-par-loccident","status":"publish","type":"post","link":"https:\/\/www.lejournalduforkane.com\/index.php\/aujourdhui-a-alep-ont-commence-les-celebrations-du-5e-anniversaire-de-la-liberation-de-la-victoire-epique-de-larmee-arabe-syrienne-ses-allies-sur-le-terrorisme-cree-et-finance-par-loccident\/","title":{"rendered":"Aujourd&rsquo;hui \u00e0 Alep ont commenc\u00e9 les c\u00e9l\u00e9brations du 5e anniversaire de la lib\u00e9ration &#038; de la victoire \u00e9pique de l&rsquo;arm\u00e9e arabe syrienne &#038; ses alli\u00e9s sur le terrorisme, cr\u00e9\u00e9 et financ\u00e9 par l&rsquo;Occident, qui a d\u00e9vast\u00e9 &#038; martyris\u00e9 la ville syrienne"},"content":{"rendered":"<p>Aujourd&rsquo;hui \u00e0 Alep ont commenc\u00e9 les c\u00e9l\u00e9brations du 5e anniversaire de la lib\u00e9ration &amp; de la victoire \u00e9pique de l&rsquo;arm\u00e9e arabe syrienne &amp; ses alli\u00e9s sur le terrorisme, cr\u00e9\u00e9 et financ\u00e9 par l&rsquo;Occident, qui a d\u00e9vast\u00e9 &amp; martyris\u00e9 la ville syrienne<\/p>\n\n\n<iframe loading=\"lazy\" src=\"https:\/\/www.facebook.com\/plugins\/video.php?height=315&#038;href=https%3A%2F%2Fwww.facebook.com%2Fle.journal.du.forqane%2Fvideos%2F3115529258723486%2F&#038;show_text=false&#038;width=560&#038;t=0\" width=\"560\" height=\"315\" style=\"border:none;overflow:hidden\" scrolling=\"no\" frameborder=\"0\" allowfullscreen=\"true\" allow=\"autoplay; clipboard-write; encrypted-media; picture-in-picture; web-share\" allowFullScreen=\"true\"><\/iframe>\n","protected":false},"excerpt":{"rendered":"<p>Aujourd&rsquo;hui \u00e0 Alep ont commenc\u00e9 les c\u00e9l\u00e9brations du 5e anniversaire de la lib\u00e9ration &amp; de la victoire \u00e9pique de l&rsquo;arm\u00e9e arabe syrienne &amp; ses alli\u00e9s sur le terrorisme, cr\u00e9\u00e9 et<\/p>\n","protected":false},"author":2,"featured_media":27680,"comment_status":"closed","ping_status":"open","sticky":false,"template":"","format":"standard","meta":[],"categories":[],"tags":[],"_links":{"self":[{"href":"https:\/\/www.lejournalduforkane.com\/index.php\/wp-json\/wp\/v2\/posts\/27679"}],"collection":[{"href":"https:\/\/www.lejournalduforkane.com\/index.php\/wp-json\/wp\/v2\/posts"}],"about":[{"href":"https:\/\/www.lejournalduforkane.com\/index.php\/wp-json\/wp\/v2\/types\/post"}],"author":[{"embeddable":true,"href":"https:\/\/www.lejournalduforkane.com\/index.php\/wp-json\/wp\/v2\/users\/2"}],"replies":[{"embeddable":true,"href":"https:\/\/www.lejournalduforkane.com\/index.php\/wp-json\/wp\/v2\/comments?post=27679"}],"version-history":[{"count":1,"href":"https:\/\/www.lejournalduforkane.com\/index.php\/wp-json\/wp\/v2\/posts\/27679\/revisions"}],"predecessor-version":[{"id":27681,"href":"https:\/\/www.lejournalduforkane.com\/index.php\/wp-json\/wp\/v2\/posts\/27679\/revisions\/27681"}],"wp:featuredmedia":[{"embeddable":true,"href":"https:\/\/www.lejournalduforkane.com\/index.php\/wp-json\/wp\/v2\/media\/27680"}],"wp:attachment":[{"href":"https:\/\/www.lejournalduforkane.com\/index.php\/wp-json\/wp\/v2\/media?parent=27679"}],"wp:term":[{"taxonomy":"category","embeddable":true,"href":"https:\/\/www.lejournalduforkane.com\/index.php\/wp-json\/wp\/v2\/categories?post=27679"},{"taxonomy":"post_tag","embeddable":true,"href":"https:\/\/www.lejournalduforkane.com\/index.php\/wp-json\/wp\/v2\/tags?post=27679"}],"curies":[{"name":"wp","href":"https:\/\/api.w.org\/{rel}","templated":true}]}}