
{"id":27685,"date":"2021-12-19T18:21:00","date_gmt":"2021-12-19T18:21:00","guid":{"rendered":"https:\/\/www.lejournalduforkane.com\/?p=27685"},"modified":"2021-12-22T18:24:07","modified_gmt":"2021-12-22T18:24:07","slug":"defile-de-la-garde-republicaine-syrienne-a-la-salle-de-sport-al-assad-a-alep-ou-les-celebrations-du-5e-anniversaire-de-la-liberation-de-la-grande-ville-syrienne-face-a-daech-al-nosra-ont-commence-auj","status":"publish","type":"post","link":"https:\/\/www.lejournalduforkane.com\/index.php\/defile-de-la-garde-republicaine-syrienne-a-la-salle-de-sport-al-assad-a-alep-ou-les-celebrations-du-5e-anniversaire-de-la-liberation-de-la-grande-ville-syrienne-face-a-daech-al-nosra-ont-commence-auj\/","title":{"rendered":"D\u00e9fil\u00e9 de la Garde r\u00e9publicaine syrienne \u00e0 la salle de sport Al Assad \u00e0 Alep, o\u00f9 les c\u00e9l\u00e9brations du 5e anniversaire de la Lib\u00e9ration de la grande ville syrienne face \u00e0 Daech\/Al-Nosra ont commenc\u00e9 aujourd&rsquo;hui"},"content":{"rendered":"\n<iframe loading=\"lazy\" src=\"https:\/\/www.facebook.com\/plugins\/video.php?height=314&#038;href=https%3A%2F%2Fwww.facebook.com%2Fle.journal.du.forqane%2Fvideos%2F223094199977675%2F&#038;show_text=false&#038;width=560&#038;t=0\" width=\"560\" height=\"314\" style=\"border:none;overflow:hidden\" scrolling=\"no\" frameborder=\"0\" allowfullscreen=\"true\" allow=\"autoplay; clipboard-write; encrypted-media; picture-in-picture; web-share\" allowFullScreen=\"true\"><\/iframe>\n","protected":false},"excerpt":{"rendered":"","protected":false},"author":2,"featured_media":27686,"comment_status":"closed","ping_status":"open","sticky":false,"template":"","format":"standard","meta":[],"categories":[],"tags":[],"_links":{"self":[{"href":"https:\/\/www.lejournalduforkane.com\/index.php\/wp-json\/wp\/v2\/posts\/27685"}],"collection":[{"href":"https:\/\/www.lejournalduforkane.com\/index.php\/wp-json\/wp\/v2\/posts"}],"about":[{"href":"https:\/\/www.lejournalduforkane.com\/index.php\/wp-json\/wp\/v2\/types\/post"}],"author":[{"embeddable":true,"href":"https:\/\/www.lejournalduforkane.com\/index.php\/wp-json\/wp\/v2\/users\/2"}],"replies":[{"embeddable":true,"href":"https:\/\/www.lejournalduforkane.com\/index.php\/wp-json\/wp\/v2\/comments?post=27685"}],"version-history":[{"count":1,"href":"https:\/\/www.lejournalduforkane.com\/index.php\/wp-json\/wp\/v2\/posts\/27685\/revisions"}],"predecessor-version":[{"id":27687,"href":"https:\/\/www.lejournalduforkane.com\/index.php\/wp-json\/wp\/v2\/posts\/27685\/revisions\/27687"}],"wp:featuredmedia":[{"embeddable":true,"href":"https:\/\/www.lejournalduforkane.com\/index.php\/wp-json\/wp\/v2\/media\/27686"}],"wp:attachment":[{"href":"https:\/\/www.lejournalduforkane.com\/index.php\/wp-json\/wp\/v2\/media?parent=27685"}],"wp:term":[{"taxonomy":"category","embeddable":true,"href":"https:\/\/www.lejournalduforkane.com\/index.php\/wp-json\/wp\/v2\/categories?post=27685"},{"taxonomy":"post_tag","embeddable":true,"href":"https:\/\/www.lejournalduforkane.com\/index.php\/wp-json\/wp\/v2\/tags?post=27685"}],"curies":[{"name":"wp","href":"https:\/\/api.w.org\/{rel}","templated":true}]}}