
{"id":27688,"date":"2021-12-22T18:28:15","date_gmt":"2021-12-22T18:28:15","guid":{"rendered":"https:\/\/www.lejournalduforkane.com\/?p=27688"},"modified":"2021-12-22T18:28:21","modified_gmt":"2021-12-22T18:28:21","slug":"loccupant-israelien-confisque-les-legumes-des-vendeurs-palestiniens-a-lexterieur-du-camp-al-fawwar-sud-de-la-cisjordanie-occupee","status":"publish","type":"post","link":"https:\/\/www.lejournalduforkane.com\/index.php\/loccupant-israelien-confisque-les-legumes-des-vendeurs-palestiniens-a-lexterieur-du-camp-al-fawwar-sud-de-la-cisjordanie-occupee\/","title":{"rendered":"L&rsquo;occupant isra\u00e9lien confisque les l\u00e9gumes des vendeurs palestiniens \u00e0 l&rsquo;ext\u00e9rieur du camp Al-Fawwar, sud de la Cisjordanie occup\u00e9e."},"content":{"rendered":"\n<iframe loading=\"lazy\" src=\"https:\/\/www.facebook.com\/plugins\/video.php?height=322&#038;href=https%3A%2F%2Fwww.facebook.com%2Fle.journal.du.forqane%2Fvideos%2F1104851113661465%2F&#038;show_text=false&#038;width=560&#038;t=0\" width=\"560\" height=\"322\" style=\"border:none;overflow:hidden\" scrolling=\"no\" frameborder=\"0\" allowfullscreen=\"true\" allow=\"autoplay; clipboard-write; encrypted-media; picture-in-picture; web-share\" allowFullScreen=\"true\"><\/iframe>\n\n\n<div class=\"kvgmc6g5 cxmmr5t8 oygrvhab hcukyx3x c1et5uql ii04i59q\">\n<div dir=\"auto\">L&rsquo;occupant isra\u00e9lien confisque les l\u00e9gumes des vendeurs palestiniens \u00e0 l&rsquo;ext\u00e9rieur du camp Al-Fawwar, sud de la Cisjordanie occup\u00e9e.<\/div>\n<\/div>\n<div class=\"cxmmr5t8 oygrvhab hcukyx3x c1et5uql o9v6fnle ii04i59q\">\n<div dir=\"auto\">L&rsquo;arm\u00e9e sioniste a ensuite poursuivi sa campagne de terreur en d\u00e9truisant plusieurs champs de l\u00e9gumes qui \u00e9taient pr\u00eats \u00e0 \u00eatre r\u00e9colt\u00e9s, et appartenaient \u00e0 des familles palestiniennes pauvres.<\/div>\n<\/div>","protected":false},"excerpt":{"rendered":"<p>L&rsquo;occupant isra\u00e9lien confisque les l\u00e9gumes des vendeurs palestiniens \u00e0 l&rsquo;ext\u00e9rieur du camp Al-Fawwar, sud de la Cisjordanie occup\u00e9e. L&rsquo;arm\u00e9e sioniste a ensuite poursuivi sa campagne de terreur en d\u00e9truisant plusieurs<\/p>\n","protected":false},"author":2,"featured_media":27689,"comment_status":"closed","ping_status":"open","sticky":false,"template":"","format":"standard","meta":[],"categories":[],"tags":[],"_links":{"self":[{"href":"https:\/\/www.lejournalduforkane.com\/index.php\/wp-json\/wp\/v2\/posts\/27688"}],"collection":[{"href":"https:\/\/www.lejournalduforkane.com\/index.php\/wp-json\/wp\/v2\/posts"}],"about":[{"href":"https:\/\/www.lejournalduforkane.com\/index.php\/wp-json\/wp\/v2\/types\/post"}],"author":[{"embeddable":true,"href":"https:\/\/www.lejournalduforkane.com\/index.php\/wp-json\/wp\/v2\/users\/2"}],"replies":[{"embeddable":true,"href":"https:\/\/www.lejournalduforkane.com\/index.php\/wp-json\/wp\/v2\/comments?post=27688"}],"version-history":[{"count":1,"href":"https:\/\/www.lejournalduforkane.com\/index.php\/wp-json\/wp\/v2\/posts\/27688\/revisions"}],"predecessor-version":[{"id":27690,"href":"https:\/\/www.lejournalduforkane.com\/index.php\/wp-json\/wp\/v2\/posts\/27688\/revisions\/27690"}],"wp:featuredmedia":[{"embeddable":true,"href":"https:\/\/www.lejournalduforkane.com\/index.php\/wp-json\/wp\/v2\/media\/27689"}],"wp:attachment":[{"href":"https:\/\/www.lejournalduforkane.com\/index.php\/wp-json\/wp\/v2\/media?parent=27688"}],"wp:term":[{"taxonomy":"category","embeddable":true,"href":"https:\/\/www.lejournalduforkane.com\/index.php\/wp-json\/wp\/v2\/categories?post=27688"},{"taxonomy":"post_tag","embeddable":true,"href":"https:\/\/www.lejournalduforkane.com\/index.php\/wp-json\/wp\/v2\/tags?post=27688"}],"curies":[{"name":"wp","href":"https:\/\/api.w.org\/{rel}","templated":true}]}}