
{"id":27704,"date":"2021-12-24T18:18:00","date_gmt":"2021-12-24T18:18:00","guid":{"rendered":"https:\/\/www.lejournalduforkane.com\/?p=27704"},"modified":"2021-12-29T18:23:49","modified_gmt":"2021-12-29T18:23:49","slug":"comment-les-chretiens-du-village-syrien-de-maaloula-ont-celebre-noel-lannee-derniere-apres-la-liberation-face-aux-groupes-terroristes","status":"publish","type":"post","link":"https:\/\/www.lejournalduforkane.com\/index.php\/comment-les-chretiens-du-village-syrien-de-maaloula-ont-celebre-noel-lannee-derniere-apres-la-liberation-face-aux-groupes-terroristes\/","title":{"rendered":"Comment les chr\u00e9tiens du village syrien de Maaloula ont c\u00e9l\u00e9br\u00e9 No\u00ebl l&rsquo;ann\u00e9e derni\u00e8re, apr\u00e8s la Lib\u00e9ration face aux groupes terroristes."},"content":{"rendered":"<div class=\"kvgmc6g5 cxmmr5t8 oygrvhab hcukyx3x c1et5uql ii04i59q\">\n<div dir=\"auto\">Comment les chr\u00e9tiens du village syrien de Maaloula ont c\u00e9l\u00e9br\u00e9 No\u00ebl l&rsquo;ann\u00e9e derni\u00e8re, apr\u00e8s la Lib\u00e9ration face aux groupes terroristes.<\/div>\n<\/div>\n<div class=\"cxmmr5t8 oygrvhab hcukyx3x c1et5uql o9v6fnle ii04i59q\">\n<div dir=\"auto\">D\u00e9fense des chr\u00e9tiens d&rsquo;Orient ?<\/div>\n<div dir=\"auto\">Rappelons que chaque avanc\u00e9e de l&rsquo;arm\u00e9e arabe syrienne face \u00e0 Daech\/Al-Nosra \u00e9tait un deuil en Occident&#8230;<\/div>\n<\/div>\n\n\n<iframe loading=\"lazy\" src=\"https:\/\/www.facebook.com\/plugins\/video.php?height=314&#038;href=https%3A%2F%2Fwww.facebook.com%2Fle.journal.du.forqane%2Fvideos%2F2385755914891061%2F&#038;show_text=false&#038;width=560&#038;t=0\" width=\"560\" height=\"314\" style=\"border:none;overflow:hidden\" scrolling=\"no\" frameborder=\"0\" allowfullscreen=\"true\" allow=\"autoplay; clipboard-write; encrypted-media; picture-in-picture; web-share\" allowFullScreen=\"true\"><\/iframe>\n","protected":false},"excerpt":{"rendered":"<p>Comment les chr\u00e9tiens du village syrien de Maaloula ont c\u00e9l\u00e9br\u00e9 No\u00ebl l&rsquo;ann\u00e9e derni\u00e8re, apr\u00e8s la Lib\u00e9ration face aux groupes terroristes. D\u00e9fense des chr\u00e9tiens d&rsquo;Orient ? Rappelons que chaque avanc\u00e9e de<\/p>\n","protected":false},"author":2,"featured_media":27705,"comment_status":"closed","ping_status":"open","sticky":false,"template":"","format":"standard","meta":[],"categories":[],"tags":[],"_links":{"self":[{"href":"https:\/\/www.lejournalduforkane.com\/index.php\/wp-json\/wp\/v2\/posts\/27704"}],"collection":[{"href":"https:\/\/www.lejournalduforkane.com\/index.php\/wp-json\/wp\/v2\/posts"}],"about":[{"href":"https:\/\/www.lejournalduforkane.com\/index.php\/wp-json\/wp\/v2\/types\/post"}],"author":[{"embeddable":true,"href":"https:\/\/www.lejournalduforkane.com\/index.php\/wp-json\/wp\/v2\/users\/2"}],"replies":[{"embeddable":true,"href":"https:\/\/www.lejournalduforkane.com\/index.php\/wp-json\/wp\/v2\/comments?post=27704"}],"version-history":[{"count":1,"href":"https:\/\/www.lejournalduforkane.com\/index.php\/wp-json\/wp\/v2\/posts\/27704\/revisions"}],"predecessor-version":[{"id":27706,"href":"https:\/\/www.lejournalduforkane.com\/index.php\/wp-json\/wp\/v2\/posts\/27704\/revisions\/27706"}],"wp:featuredmedia":[{"embeddable":true,"href":"https:\/\/www.lejournalduforkane.com\/index.php\/wp-json\/wp\/v2\/media\/27705"}],"wp:attachment":[{"href":"https:\/\/www.lejournalduforkane.com\/index.php\/wp-json\/wp\/v2\/media?parent=27704"}],"wp:term":[{"taxonomy":"category","embeddable":true,"href":"https:\/\/www.lejournalduforkane.com\/index.php\/wp-json\/wp\/v2\/categories?post=27704"},{"taxonomy":"post_tag","embeddable":true,"href":"https:\/\/www.lejournalduforkane.com\/index.php\/wp-json\/wp\/v2\/tags?post=27704"}],"curies":[{"name":"wp","href":"https:\/\/api.w.org\/{rel}","templated":true}]}}