
{"id":27707,"date":"2021-12-25T18:24:00","date_gmt":"2021-12-25T18:24:00","guid":{"rendered":"https:\/\/www.lejournalduforkane.com\/?p=27707"},"modified":"2021-12-29T18:25:44","modified_gmt":"2021-12-29T18:25:44","slug":"le-president-de-la-republique-islamique-diran-layatollah-ibrahim-raisi-rend-visite-a-la-famille-du-martyr-chretien-vartan-aga-khan-durant-la-nuit-de-noel-et-a-la-veille-du-nouvel-an","status":"publish","type":"post","link":"https:\/\/www.lejournalduforkane.com\/index.php\/le-president-de-la-republique-islamique-diran-layatollah-ibrahim-raisi-rend-visite-a-la-famille-du-martyr-chretien-vartan-aga-khan-durant-la-nuit-de-noel-et-a-la-veille-du-nouvel-an\/","title":{"rendered":"Le Pr\u00e9sident de la R\u00e9publique islamique d&rsquo;Iran, l&rsquo;ayatollah Ibrahim Raisi, rend visite \u00e0 la famille du martyr chr\u00e9tien Vartan Aga Khan durant la nuit de No\u00ebl et \u00e0 la veille du Nouvel An"},"content":{"rendered":"\n<iframe loading=\"lazy\" src=\"https:\/\/www.facebook.com\/plugins\/video.php?height=314&#038;href=https%3A%2F%2Fwww.facebook.com%2Fle.journal.du.forqane%2Fvideos%2F309629111072847%2F&#038;show_text=false&#038;width=560&#038;t=0\" width=\"560\" height=\"314\" style=\"border:none;overflow:hidden\" scrolling=\"no\" frameborder=\"0\" allowfullscreen=\"true\" allow=\"autoplay; clipboard-write; encrypted-media; picture-in-picture; web-share\" allowFullScreen=\"true\"><\/iframe>\n","protected":false},"excerpt":{"rendered":"","protected":false},"author":2,"featured_media":27708,"comment_status":"closed","ping_status":"open","sticky":false,"template":"","format":"standard","meta":[],"categories":[],"tags":[],"_links":{"self":[{"href":"https:\/\/www.lejournalduforkane.com\/index.php\/wp-json\/wp\/v2\/posts\/27707"}],"collection":[{"href":"https:\/\/www.lejournalduforkane.com\/index.php\/wp-json\/wp\/v2\/posts"}],"about":[{"href":"https:\/\/www.lejournalduforkane.com\/index.php\/wp-json\/wp\/v2\/types\/post"}],"author":[{"embeddable":true,"href":"https:\/\/www.lejournalduforkane.com\/index.php\/wp-json\/wp\/v2\/users\/2"}],"replies":[{"embeddable":true,"href":"https:\/\/www.lejournalduforkane.com\/index.php\/wp-json\/wp\/v2\/comments?post=27707"}],"version-history":[{"count":1,"href":"https:\/\/www.lejournalduforkane.com\/index.php\/wp-json\/wp\/v2\/posts\/27707\/revisions"}],"predecessor-version":[{"id":27709,"href":"https:\/\/www.lejournalduforkane.com\/index.php\/wp-json\/wp\/v2\/posts\/27707\/revisions\/27709"}],"wp:featuredmedia":[{"embeddable":true,"href":"https:\/\/www.lejournalduforkane.com\/index.php\/wp-json\/wp\/v2\/media\/27708"}],"wp:attachment":[{"href":"https:\/\/www.lejournalduforkane.com\/index.php\/wp-json\/wp\/v2\/media?parent=27707"}],"wp:term":[{"taxonomy":"category","embeddable":true,"href":"https:\/\/www.lejournalduforkane.com\/index.php\/wp-json\/wp\/v2\/categories?post=27707"},{"taxonomy":"post_tag","embeddable":true,"href":"https:\/\/www.lejournalduforkane.com\/index.php\/wp-json\/wp\/v2\/tags?post=27707"}],"curies":[{"name":"wp","href":"https:\/\/api.w.org\/{rel}","templated":true}]}}