
{"id":27723,"date":"2021-12-25T18:34:00","date_gmt":"2021-12-25T18:34:00","guid":{"rendered":"https:\/\/www.lejournalduforkane.com\/?p=27723"},"modified":"2021-12-29T18:36:18","modified_gmt":"2021-12-29T18:36:18","slug":"le-guide-supreme-iranien-a-rendu-visite-a-une-famille-chretienne-pour-le-reveillon-de-noel-pour-leur-rendre-hommage-leur-plus-jeune-fils-a-trouve-le-martyre-lors-de-linvasion-de-liran-par-saddam-h","status":"publish","type":"post","link":"https:\/\/www.lejournalduforkane.com\/index.php\/le-guide-supreme-iranien-a-rendu-visite-a-une-famille-chretienne-pour-le-reveillon-de-noel-pour-leur-rendre-hommage-leur-plus-jeune-fils-a-trouve-le-martyre-lors-de-linvasion-de-liran-par-saddam-h\/","title":{"rendered":"Le Guide Supr\u00eame iranien a rendu visite \u00e0 une famille chr\u00e9tienne pour le reveillon de No\u00ebl pour leur rendre hommage.Leur plus jeune fils a trouv\u00e9 le martyre lors de l&rsquo;invasion de l&rsquo;Iran par Saddam Hussein."},"content":{"rendered":"\n<iframe loading=\"lazy\" src=\"https:\/\/www.facebook.com\/plugins\/video.php?height=314&#038;href=https%3A%2F%2Fwww.facebook.com%2Fle.journal.du.forqane%2Fvideos%2F1077613433002188%2F&#038;show_text=false&#038;width=560&#038;t=0\" width=\"560\" height=\"314\" style=\"border:none;overflow:hidden\" scrolling=\"no\" frameborder=\"0\" allowfullscreen=\"true\" allow=\"autoplay; clipboard-write; encrypted-media; picture-in-picture; web-share\" allowFullScreen=\"true\"><\/iframe>\n\n\n","protected":false},"excerpt":{"rendered":"","protected":false},"author":2,"featured_media":27724,"comment_status":"closed","ping_status":"open","sticky":false,"template":"","format":"standard","meta":[],"categories":[],"tags":[],"_links":{"self":[{"href":"https:\/\/www.lejournalduforkane.com\/index.php\/wp-json\/wp\/v2\/posts\/27723"}],"collection":[{"href":"https:\/\/www.lejournalduforkane.com\/index.php\/wp-json\/wp\/v2\/posts"}],"about":[{"href":"https:\/\/www.lejournalduforkane.com\/index.php\/wp-json\/wp\/v2\/types\/post"}],"author":[{"embeddable":true,"href":"https:\/\/www.lejournalduforkane.com\/index.php\/wp-json\/wp\/v2\/users\/2"}],"replies":[{"embeddable":true,"href":"https:\/\/www.lejournalduforkane.com\/index.php\/wp-json\/wp\/v2\/comments?post=27723"}],"version-history":[{"count":1,"href":"https:\/\/www.lejournalduforkane.com\/index.php\/wp-json\/wp\/v2\/posts\/27723\/revisions"}],"predecessor-version":[{"id":27725,"href":"https:\/\/www.lejournalduforkane.com\/index.php\/wp-json\/wp\/v2\/posts\/27723\/revisions\/27725"}],"wp:featuredmedia":[{"embeddable":true,"href":"https:\/\/www.lejournalduforkane.com\/index.php\/wp-json\/wp\/v2\/media\/27724"}],"wp:attachment":[{"href":"https:\/\/www.lejournalduforkane.com\/index.php\/wp-json\/wp\/v2\/media?parent=27723"}],"wp:term":[{"taxonomy":"category","embeddable":true,"href":"https:\/\/www.lejournalduforkane.com\/index.php\/wp-json\/wp\/v2\/categories?post=27723"},{"taxonomy":"post_tag","embeddable":true,"href":"https:\/\/www.lejournalduforkane.com\/index.php\/wp-json\/wp\/v2\/tags?post=27723"}],"curies":[{"name":"wp","href":"https:\/\/api.w.org\/{rel}","templated":true}]}}