
{"id":27739,"date":"2022-01-05T18:17:49","date_gmt":"2022-01-05T18:17:49","guid":{"rendered":"https:\/\/www.lejournalduforkane.com\/?p=27739"},"modified":"2022-01-05T18:17:52","modified_gmt":"2022-01-05T18:17:52","slug":"trump-et-tous-les-assassins-de-soleimani-sont-sous-la-loupe-des-peuples-libres-du-monde","status":"publish","type":"post","link":"https:\/\/www.lejournalduforkane.com\/index.php\/trump-et-tous-les-assassins-de-soleimani-sont-sous-la-loupe-des-peuples-libres-du-monde\/","title":{"rendered":"Trump et tous les assassins de Soleimani sont sous la loupe des peuples libres du monde"},"content":{"rendered":"<div class=\"kvgmc6g5 cxmmr5t8 oygrvhab hcukyx3x c1et5uql\">\n<div dir=\"auto\">G\u00e9n\u00e9ral Qaani, successeur de Soleimani \u00e0 la t\u00eate de la force Quds :<\/div>\n<\/div>\n<div class=\"cxmmr5t8 oygrvhab hcukyx3x c1et5uql o9v6fnle\">\n<div dir=\"auto\">\u00ab Trump et tous les assassins de Soleimani sont sous la loupe des peuples libres du monde.<\/div>\n<\/div>\n<div class=\"cxmmr5t8 oygrvhab hcukyx3x c1et5uql o9v6fnle\">\n<div dir=\"auto\">Vous pensiez que c&rsquo;\u00e9tait fini ? Les peuples libres du monde se vengeront de vous, criminels, on ne vous a pas oubli\u00e9s.\u00a0\u00bb<\/div>\n<\/div>\n\n\n<iframe loading=\"lazy\" src=\"https:\/\/www.facebook.com\/plugins\/video.php?height=296&#038;href=https%3A%2F%2Fwww.facebook.com%2Fle.journal.du.forqane%2Fvideos%2F453050619563049%2F&#038;show_text=false&#038;width=560&#038;t=0\" width=\"560\" height=\"296\" style=\"border:none;overflow:hidden\" scrolling=\"no\" frameborder=\"0\" allowfullscreen=\"true\" allow=\"autoplay; clipboard-write; encrypted-media; picture-in-picture; web-share\" allowFullScreen=\"true\"><\/iframe>\n","protected":false},"excerpt":{"rendered":"<p>G\u00e9n\u00e9ral Qaani, successeur de Soleimani \u00e0 la t\u00eate de la force Quds : \u00ab Trump et tous les assassins de Soleimani sont sous la loupe des peuples libres du monde.<\/p>\n","protected":false},"author":2,"featured_media":27740,"comment_status":"closed","ping_status":"open","sticky":false,"template":"","format":"standard","meta":[],"categories":[],"tags":[],"_links":{"self":[{"href":"https:\/\/www.lejournalduforkane.com\/index.php\/wp-json\/wp\/v2\/posts\/27739"}],"collection":[{"href":"https:\/\/www.lejournalduforkane.com\/index.php\/wp-json\/wp\/v2\/posts"}],"about":[{"href":"https:\/\/www.lejournalduforkane.com\/index.php\/wp-json\/wp\/v2\/types\/post"}],"author":[{"embeddable":true,"href":"https:\/\/www.lejournalduforkane.com\/index.php\/wp-json\/wp\/v2\/users\/2"}],"replies":[{"embeddable":true,"href":"https:\/\/www.lejournalduforkane.com\/index.php\/wp-json\/wp\/v2\/comments?post=27739"}],"version-history":[{"count":1,"href":"https:\/\/www.lejournalduforkane.com\/index.php\/wp-json\/wp\/v2\/posts\/27739\/revisions"}],"predecessor-version":[{"id":27741,"href":"https:\/\/www.lejournalduforkane.com\/index.php\/wp-json\/wp\/v2\/posts\/27739\/revisions\/27741"}],"wp:featuredmedia":[{"embeddable":true,"href":"https:\/\/www.lejournalduforkane.com\/index.php\/wp-json\/wp\/v2\/media\/27740"}],"wp:attachment":[{"href":"https:\/\/www.lejournalduforkane.com\/index.php\/wp-json\/wp\/v2\/media?parent=27739"}],"wp:term":[{"taxonomy":"category","embeddable":true,"href":"https:\/\/www.lejournalduforkane.com\/index.php\/wp-json\/wp\/v2\/categories?post=27739"},{"taxonomy":"post_tag","embeddable":true,"href":"https:\/\/www.lejournalduforkane.com\/index.php\/wp-json\/wp\/v2\/tags?post=27739"}],"curies":[{"name":"wp","href":"https:\/\/api.w.org\/{rel}","templated":true}]}}