
{"id":27747,"date":"2022-01-10T12:08:04","date_gmt":"2022-01-10T12:08:04","guid":{"rendered":"https:\/\/www.lejournalduforkane.com\/?p=27747"},"modified":"2022-01-10T12:08:10","modified_gmt":"2022-01-10T12:08:10","slug":"un-virus-de-plus-pour-la-guerre","status":"publish","type":"post","link":"https:\/\/www.lejournalduforkane.com\/index.php\/un-virus-de-plus-pour-la-guerre\/","title":{"rendered":"Un virus de plus pour la guerre"},"content":{"rendered":"\n<p>Les chercheurs juifs sionistes US ont sem\u00e9 un virus nouveau. Apr\u00e8s la Chine en 2003, l\u2019Arabie en 2012, c\u2019est encore la Chine qui est vis\u00e9e en 2019 et, en m\u00eame temps l\u2019Iran. C\u2019est faire d\u2019une pierre deux coups. A part ces 2 exceptions, les principaux pays touch\u00e9s sont occidentaux.<\/p>\n\n\n\n<p>Au 15 avril 2020, voici pour avoir une id\u00e9e\u00a0:<br>Etats-Unis dans l\u2019ensemble 613\u00a0893 dont 27\u00a0086 morts,<br>Espagne dans l\u2019ensemble 177\u00a0633 dont 18\u00a0579 morts,<br>Italie dans l\u2019ensemble 165\u00a0155 dont 21\u00a0645 morts,<br>France dans l\u2019ensemble 143\u00a0303 dont 15729 morts,<br>Allemagne dans l\u2019ensemble 133\u00a0154 dont 3\u00a0592 morts,<br>Royaume-Uni dans l\u2019ensemble 93\u00a0476 don 12\u00a0868 morts.<br>La Turquie semble peu \u00e0 peu subir le m\u00eame sort, c\u2019est qu\u2019Erdogan est maudit et d\u2019une arrogance injustifi\u00e9e.<\/p>\n\n\n\n<p>Ce virus dispara\u00eetra certes, mais d\u2019autres viendront en attendant la forme incurable cette fois. Des signes montrent la folie des gouvernements et des scientifiques \u00e0 la solde du sionisme. L\u2019antidote est r\u00e9serv\u00e9 \u00e0 ses agents et aux juifs sionistes au service de la cause.<\/p>\n\n\n\n<p>Le but est de prot\u00e9ger le virus. Partout, ils emp\u00eachent de trouver le vaccin et discr\u00e9ditent \u00e0 travers la presse et la menace de justice, les grands m\u00e9decins sp\u00e9cialis\u00e9s qui proposent des solutions audacieuses et tout simplement raisonnables.<\/p>\n\n\n\n<p class=\"has-text-align-center\"><strong>Devant la complicit\u00e9 criminelle de l\u2019\u00e9lite m\u00e9dicale, les gouvernements sont impuissants \u00e0 d\u00e9fendre les gens qui en appellent \u00e0 Al-Mahdi. Les grandes nations qui croyaient s\u2019\u00eatre prot\u00e9g\u00e9es contre l\u2019ennemi sont perdues et s\u2019en remettent \u00e0 Dieu.<\/strong><\/p>\n","protected":false},"excerpt":{"rendered":"<p>Les chercheurs juifs sionistes US ont sem\u00e9 un virus nouveau. Apr\u00e8s la Chine en 2003, l\u2019Arabie en 2012, c\u2019est encore la Chine qui est vis\u00e9e en 2019 et, en m\u00eame temps l\u2019Iran.<\/p>\n","protected":false},"author":2,"featured_media":27749,"comment_status":"closed","ping_status":"open","sticky":false,"template":"","format":"standard","meta":[],"categories":[],"tags":[],"_links":{"self":[{"href":"https:\/\/www.lejournalduforkane.com\/index.php\/wp-json\/wp\/v2\/posts\/27747"}],"collection":[{"href":"https:\/\/www.lejournalduforkane.com\/index.php\/wp-json\/wp\/v2\/posts"}],"about":[{"href":"https:\/\/www.lejournalduforkane.com\/index.php\/wp-json\/wp\/v2\/types\/post"}],"author":[{"embeddable":true,"href":"https:\/\/www.lejournalduforkane.com\/index.php\/wp-json\/wp\/v2\/users\/2"}],"replies":[{"embeddable":true,"href":"https:\/\/www.lejournalduforkane.com\/index.php\/wp-json\/wp\/v2\/comments?post=27747"}],"version-history":[{"count":2,"href":"https:\/\/www.lejournalduforkane.com\/index.php\/wp-json\/wp\/v2\/posts\/27747\/revisions"}],"predecessor-version":[{"id":27750,"href":"https:\/\/www.lejournalduforkane.com\/index.php\/wp-json\/wp\/v2\/posts\/27747\/revisions\/27750"}],"wp:featuredmedia":[{"embeddable":true,"href":"https:\/\/www.lejournalduforkane.com\/index.php\/wp-json\/wp\/v2\/media\/27749"}],"wp:attachment":[{"href":"https:\/\/www.lejournalduforkane.com\/index.php\/wp-json\/wp\/v2\/media?parent=27747"}],"wp:term":[{"taxonomy":"category","embeddable":true,"href":"https:\/\/www.lejournalduforkane.com\/index.php\/wp-json\/wp\/v2\/categories?post=27747"},{"taxonomy":"post_tag","embeddable":true,"href":"https:\/\/www.lejournalduforkane.com\/index.php\/wp-json\/wp\/v2\/tags?post=27747"}],"curies":[{"name":"wp","href":"https:\/\/api.w.org\/{rel}","templated":true}]}}