
{"id":27765,"date":"2022-01-14T14:34:00","date_gmt":"2022-01-14T14:34:00","guid":{"rendered":"https:\/\/www.lejournalduforkane.com\/?p=27765"},"modified":"2022-01-19T14:36:43","modified_gmt":"2022-01-19T14:36:43","slug":"les-palestiniens-du-neguev-sont-brutalement-reprimes-alors-quils-protestent-contre-lapartheid-le-nettoyage-ethnique-et-la-depossession","status":"publish","type":"post","link":"https:\/\/www.lejournalduforkane.com\/index.php\/les-palestiniens-du-neguev-sont-brutalement-reprimes-alors-quils-protestent-contre-lapartheid-le-nettoyage-ethnique-et-la-depossession\/","title":{"rendered":"Les Palestiniens du N\u00e9guev sont brutalement r\u00e9prim\u00e9s alors qu&rsquo;ils protestent contre l&rsquo;Apartheid, le nettoyage ethnique et la d\u00e9possession."},"content":{"rendered":"<div class=\"kvgmc6g5 cxmmr5t8 oygrvhab hcukyx3x c1et5uql ii04i59q\">\n<div dir=\"auto\">Les Palestiniens du N\u00e9guev sont brutalement r\u00e9prim\u00e9s alors qu&rsquo;ils protestent contre l&rsquo;Apartheid, le nettoyage ethnique et la d\u00e9possession.<\/div>\n<\/div>\n<div class=\"cxmmr5t8 oygrvhab hcukyx3x c1et5uql o9v6fnle ii04i59q\">\n<div dir=\"auto\">Nous saluons partout les Palestiniens qui protestent contre l&rsquo;injustice et appelons nos supporters \u00e0 intensifier les campagnes BDS.<\/div>\n<\/div>\n\n\n<iframe loading=\"lazy\" src=\"https:\/\/www.facebook.com\/plugins\/video.php?height=308&#038;href=https%3A%2F%2Fwww.facebook.com%2Fle.journal.du.forqane%2Fvideos%2F1401325643616928%2F&#038;show_text=false&#038;width=560&#038;t=0\" width=\"560\" height=\"308\" style=\"border:none;overflow:hidden\" scrolling=\"no\" frameborder=\"0\" allowfullscreen=\"true\" allow=\"autoplay; clipboard-write; encrypted-media; picture-in-picture; web-share\" allowFullScreen=\"true\"><\/iframe>\n","protected":false},"excerpt":{"rendered":"<p>Les Palestiniens du N\u00e9guev sont brutalement r\u00e9prim\u00e9s alors qu&rsquo;ils protestent contre l&rsquo;Apartheid, le nettoyage ethnique et la d\u00e9possession. Nous saluons partout les Palestiniens qui protestent contre l&rsquo;injustice et appelons nos<\/p>\n","protected":false},"author":2,"featured_media":27766,"comment_status":"closed","ping_status":"open","sticky":false,"template":"","format":"standard","meta":[],"categories":[],"tags":[],"_links":{"self":[{"href":"https:\/\/www.lejournalduforkane.com\/index.php\/wp-json\/wp\/v2\/posts\/27765"}],"collection":[{"href":"https:\/\/www.lejournalduforkane.com\/index.php\/wp-json\/wp\/v2\/posts"}],"about":[{"href":"https:\/\/www.lejournalduforkane.com\/index.php\/wp-json\/wp\/v2\/types\/post"}],"author":[{"embeddable":true,"href":"https:\/\/www.lejournalduforkane.com\/index.php\/wp-json\/wp\/v2\/users\/2"}],"replies":[{"embeddable":true,"href":"https:\/\/www.lejournalduforkane.com\/index.php\/wp-json\/wp\/v2\/comments?post=27765"}],"version-history":[{"count":1,"href":"https:\/\/www.lejournalduforkane.com\/index.php\/wp-json\/wp\/v2\/posts\/27765\/revisions"}],"predecessor-version":[{"id":27767,"href":"https:\/\/www.lejournalduforkane.com\/index.php\/wp-json\/wp\/v2\/posts\/27765\/revisions\/27767"}],"wp:featuredmedia":[{"embeddable":true,"href":"https:\/\/www.lejournalduforkane.com\/index.php\/wp-json\/wp\/v2\/media\/27766"}],"wp:attachment":[{"href":"https:\/\/www.lejournalduforkane.com\/index.php\/wp-json\/wp\/v2\/media?parent=27765"}],"wp:term":[{"taxonomy":"category","embeddable":true,"href":"https:\/\/www.lejournalduforkane.com\/index.php\/wp-json\/wp\/v2\/categories?post=27765"},{"taxonomy":"post_tag","embeddable":true,"href":"https:\/\/www.lejournalduforkane.com\/index.php\/wp-json\/wp\/v2\/tags?post=27765"}],"curies":[{"name":"wp","href":"https:\/\/api.w.org\/{rel}","templated":true}]}}