
{"id":27768,"date":"2022-01-14T14:37:00","date_gmt":"2022-01-14T14:37:00","guid":{"rendered":"https:\/\/www.lejournalduforkane.com\/?p=27768"},"modified":"2022-01-19T14:39:25","modified_gmt":"2022-01-19T14:39:25","slug":"imaginez-cette-scene-dans-votre-campus-universitaire-des-responsables-etudiants-se-font-tirer-dessus-puis-kidnapper-dans-des-vans-banalises-par-des-soldats-dun-etat-doccupation","status":"publish","type":"post","link":"https:\/\/www.lejournalduforkane.com\/index.php\/imaginez-cette-scene-dans-votre-campus-universitaire-des-responsables-etudiants-se-font-tirer-dessus-puis-kidnapper-dans-des-vans-banalises-par-des-soldats-dun-etat-doccupation\/","title":{"rendered":"Imaginez cette sc\u00e8ne dans votre campus universitaire : des responsables \u00e9tudiants se font tirer dessus, puis kidnapper dans des vans banalis\u00e9s par des soldats d&rsquo;un \u00c9tat d&rsquo;occupation."},"content":{"rendered":"<div class=\"kvgmc6g5 cxmmr5t8 oygrvhab hcukyx3x c1et5uql ii04i59q\">\n<div dir=\"auto\">Imaginez cette sc\u00e8ne dans votre campus universitaire : des responsables \u00e9tudiants se font tirer dessus, puis kidnapper dans des vans banalis\u00e9s par des soldats d&rsquo;un \u00c9tat d&rsquo;occupation.<\/div>\n<div dir=\"auto\">\u00a0<\/div>\n<\/div>\n<div class=\"cxmmr5t8 oygrvhab hcukyx3x c1et5uql o9v6fnle ii04i59q\">\n<div dir=\"auto\">C&rsquo;est la situation que subissent les universit\u00e9s palestiniennes sous la domination isra\u00e9lienne.<\/div>\n<\/div>\n<div class=\"cxmmr5t8 oygrvhab hcukyx3x c1et5uql o9v6fnle ii04i59q\">\n<div dir=\"auto\">Les CINQ \u00e9tudiants qui ont \u00e9t\u00e9 kidnapp\u00e9s sur le campus de l&rsquo;Universit\u00e9 de Birzeit par une unit\u00e9 militaire isra\u00e9lienne sont :<\/div>\n<\/div>\n<div class=\"cxmmr5t8 oygrvhab hcukyx3x c1et5uql o9v6fnle ii04i59q\">\n<div dir=\"auto\">Walid Harazna, Ismail Barghouti, Qassam Nakhleh, Andulhafez Sharabati et Mohammad Khatib.<\/div>\n<\/div>\n\n\n<iframe loading=\"lazy\" src=\"https:\/\/www.facebook.com\/plugins\/video.php?height=476&#038;href=https%3A%2F%2Fwww.facebook.com%2Fle.journal.du.forqane%2Fvideos%2F5578258838867330%2F&#038;show_text=false&#038;width=267&#038;t=0\" width=\"267\" height=\"476\" style=\"border:none;overflow:hidden\" scrolling=\"no\" frameborder=\"0\" allowfullscreen=\"true\" allow=\"autoplay; clipboard-write; encrypted-media; picture-in-picture; web-share\" allowFullScreen=\"true\"><\/iframe>\n","protected":false},"excerpt":{"rendered":"<p>Imaginez cette sc\u00e8ne dans votre campus universitaire : des responsables \u00e9tudiants se font tirer dessus, puis kidnapper dans des vans banalis\u00e9s par des soldats d&rsquo;un \u00c9tat d&rsquo;occupation. \u00a0 C&rsquo;est la<\/p>\n","protected":false},"author":2,"featured_media":27769,"comment_status":"closed","ping_status":"open","sticky":false,"template":"","format":"standard","meta":[],"categories":[],"tags":[],"_links":{"self":[{"href":"https:\/\/www.lejournalduforkane.com\/index.php\/wp-json\/wp\/v2\/posts\/27768"}],"collection":[{"href":"https:\/\/www.lejournalduforkane.com\/index.php\/wp-json\/wp\/v2\/posts"}],"about":[{"href":"https:\/\/www.lejournalduforkane.com\/index.php\/wp-json\/wp\/v2\/types\/post"}],"author":[{"embeddable":true,"href":"https:\/\/www.lejournalduforkane.com\/index.php\/wp-json\/wp\/v2\/users\/2"}],"replies":[{"embeddable":true,"href":"https:\/\/www.lejournalduforkane.com\/index.php\/wp-json\/wp\/v2\/comments?post=27768"}],"version-history":[{"count":1,"href":"https:\/\/www.lejournalduforkane.com\/index.php\/wp-json\/wp\/v2\/posts\/27768\/revisions"}],"predecessor-version":[{"id":27770,"href":"https:\/\/www.lejournalduforkane.com\/index.php\/wp-json\/wp\/v2\/posts\/27768\/revisions\/27770"}],"wp:featuredmedia":[{"embeddable":true,"href":"https:\/\/www.lejournalduforkane.com\/index.php\/wp-json\/wp\/v2\/media\/27769"}],"wp:attachment":[{"href":"https:\/\/www.lejournalduforkane.com\/index.php\/wp-json\/wp\/v2\/media?parent=27768"}],"wp:term":[{"taxonomy":"category","embeddable":true,"href":"https:\/\/www.lejournalduforkane.com\/index.php\/wp-json\/wp\/v2\/categories?post=27768"},{"taxonomy":"post_tag","embeddable":true,"href":"https:\/\/www.lejournalduforkane.com\/index.php\/wp-json\/wp\/v2\/tags?post=27768"}],"curies":[{"name":"wp","href":"https:\/\/api.w.org\/{rel}","templated":true}]}}