
{"id":27774,"date":"2022-01-14T14:44:00","date_gmt":"2022-01-14T14:44:00","guid":{"rendered":"https:\/\/www.lejournalduforkane.com\/?p=27774"},"modified":"2022-01-19T14:45:56","modified_gmt":"2022-01-19T14:45:56","slug":"jean-claude-van-damme-prend-le-prophete-mohammed-p-comme-exemple","status":"publish","type":"post","link":"https:\/\/www.lejournalduforkane.com\/index.php\/jean-claude-van-damme-prend-le-prophete-mohammed-p-comme-exemple\/","title":{"rendered":"Jean-Claude Van Damme prend le Proph\u00e8te Mohammed (P) comme exemple"},"content":{"rendered":"<div class=\"kvgmc6g5 cxmmr5t8 oygrvhab hcukyx3x c1et5uql ii04i59q\">\n<div dir=\"auto\">Jean-Claude Van Damme prend le Proph\u00e8te Mohammed (P) comme exemple<\/div>\n<\/div>\n<div class=\"cxmmr5t8 oygrvhab hcukyx3x c1et5uql o9v6fnle ii04i59q\">\n<div dir=\"auto\">\u00a0\u00bb On d\u00e9couvre chez les musulmans plein de bonnes choses. Le Proph\u00e8te Muhammed \u00e9tait tr\u00e8s intelligent. Il savait ce qui \u00e9tait bon pour l&rsquo;avenir et pour le corps. Inspirez-vous de cela. Int\u00e9ressez-vous \u00e0 ces aspects-l\u00e0 et ne me demandez pas cela \u00e0 moi, croyez-moi tout est l\u00e0\u00a0\u00bb<\/div>\n<\/div>\n\n\n<figure class=\"wp-block-embed is-type-video is-provider-youtube wp-block-embed-youtube wp-embed-aspect-16-9 wp-has-aspect-ratio\"><div class=\"wp-block-embed__wrapper\">\n<iframe loading=\"lazy\" title=\"Van Damme p\u00ebr Profetin Muhamed\" width=\"500\" height=\"281\" src=\"https:\/\/www.youtube.com\/embed\/bEgJzeekryk?feature=oembed\" frameborder=\"0\" allow=\"accelerometer; autoplay; clipboard-write; encrypted-media; gyroscope; picture-in-picture\" allowfullscreen><\/iframe>\n<\/div><\/figure>\n","protected":false},"excerpt":{"rendered":"<p>Jean-Claude Van Damme prend le Proph\u00e8te Mohammed (P) comme exemple \u00a0\u00bb On d\u00e9couvre chez les musulmans plein de bonnes choses. Le Proph\u00e8te Muhammed \u00e9tait tr\u00e8s intelligent. Il savait ce qui<\/p>\n","protected":false},"author":2,"featured_media":27775,"comment_status":"closed","ping_status":"open","sticky":false,"template":"","format":"standard","meta":[],"categories":[],"tags":[],"_links":{"self":[{"href":"https:\/\/www.lejournalduforkane.com\/index.php\/wp-json\/wp\/v2\/posts\/27774"}],"collection":[{"href":"https:\/\/www.lejournalduforkane.com\/index.php\/wp-json\/wp\/v2\/posts"}],"about":[{"href":"https:\/\/www.lejournalduforkane.com\/index.php\/wp-json\/wp\/v2\/types\/post"}],"author":[{"embeddable":true,"href":"https:\/\/www.lejournalduforkane.com\/index.php\/wp-json\/wp\/v2\/users\/2"}],"replies":[{"embeddable":true,"href":"https:\/\/www.lejournalduforkane.com\/index.php\/wp-json\/wp\/v2\/comments?post=27774"}],"version-history":[{"count":1,"href":"https:\/\/www.lejournalduforkane.com\/index.php\/wp-json\/wp\/v2\/posts\/27774\/revisions"}],"predecessor-version":[{"id":27776,"href":"https:\/\/www.lejournalduforkane.com\/index.php\/wp-json\/wp\/v2\/posts\/27774\/revisions\/27776"}],"wp:featuredmedia":[{"embeddable":true,"href":"https:\/\/www.lejournalduforkane.com\/index.php\/wp-json\/wp\/v2\/media\/27775"}],"wp:attachment":[{"href":"https:\/\/www.lejournalduforkane.com\/index.php\/wp-json\/wp\/v2\/media?parent=27774"}],"wp:term":[{"taxonomy":"category","embeddable":true,"href":"https:\/\/www.lejournalduforkane.com\/index.php\/wp-json\/wp\/v2\/categories?post=27774"},{"taxonomy":"post_tag","embeddable":true,"href":"https:\/\/www.lejournalduforkane.com\/index.php\/wp-json\/wp\/v2\/tags?post=27774"}],"curies":[{"name":"wp","href":"https:\/\/api.w.org\/{rel}","templated":true}]}}