
{"id":27777,"date":"2022-01-15T14:45:00","date_gmt":"2022-01-15T14:45:00","guid":{"rendered":"https:\/\/www.lejournalduforkane.com\/?p=27777"},"modified":"2022-01-19T14:52:16","modified_gmt":"2022-01-19T14:52:16","slug":"les-burkinabes-manifestent-contre-la-france","status":"publish","type":"post","link":"https:\/\/www.lejournalduforkane.com\/index.php\/les-burkinabes-manifestent-contre-la-france\/","title":{"rendered":"Les burkinab\u00e9s manifestent contre la France"},"content":{"rendered":"<div class=\"kvgmc6g5 cxmmr5t8 oygrvhab hcukyx3x c1et5uql ii04i59q\">\n<div dir=\"auto\">Les burkinab\u00e9s manifestent contre la France<\/div>\n<div dir=\"auto\">\u00a0<\/div>\n<\/div>\n<div class=\"cxmmr5t8 oygrvhab hcukyx3x c1et5uql o9v6fnle ii04i59q\">\n<div dir=\"auto\">Hier, le convoi militaire fran\u00e7ais du contingent \u00ab Barkhane \u00bb envoy\u00e9 au Niger a \u00e9t\u00e9 contraint de faire demi-tour.<\/div>\n<\/div>\n<div class=\"cxmmr5t8 oygrvhab hcukyx3x c1et5uql o9v6fnle ii04i59q\">\n<div dir=\"auto\">En milieu de journ\u00e9e, dans le centre-nord du Burkina Faso, dans la zone de la ville de Kaya, en raison du blocus impos\u00e9 hier par des riverains s&rsquo;opposant \u00e0 la pr\u00e9sence de l&rsquo;arm\u00e9e fran\u00e7aise au Sahel, le convoi a \u00e9t\u00e9 bloqu\u00e9. Tous les habitants, jeunes et moins jeunes, sont sortis pour s&rsquo;opposer \u00e0 la pr\u00e9sence des fran\u00e7ais dans la r\u00e9gion.<\/div>\n<\/div>\n\n\n<iframe loading=\"lazy\" src=\"https:\/\/www.facebook.com\/plugins\/video.php?height=476&#038;href=https%3A%2F%2Fwww.facebook.com%2Fle.journal.du.forqane%2Fvideos%2F667375570929178%2F&#038;show_text=false&#038;width=297&#038;t=0\" width=\"297\" height=\"476\" style=\"border:none;overflow:hidden\" scrolling=\"no\" frameborder=\"0\" allowfullscreen=\"true\" allow=\"autoplay; clipboard-write; encrypted-media; picture-in-picture; web-share\" allowFullScreen=\"true\"><\/iframe>\n","protected":false},"excerpt":{"rendered":"<p>Les burkinab\u00e9s manifestent contre la France \u00a0 Hier, le convoi militaire fran\u00e7ais du contingent \u00ab Barkhane \u00bb envoy\u00e9 au Niger a \u00e9t\u00e9 contraint de faire demi-tour. En milieu de journ\u00e9e,<\/p>\n","protected":false},"author":2,"featured_media":27778,"comment_status":"closed","ping_status":"open","sticky":false,"template":"","format":"standard","meta":[],"categories":[],"tags":[],"_links":{"self":[{"href":"https:\/\/www.lejournalduforkane.com\/index.php\/wp-json\/wp\/v2\/posts\/27777"}],"collection":[{"href":"https:\/\/www.lejournalduforkane.com\/index.php\/wp-json\/wp\/v2\/posts"}],"about":[{"href":"https:\/\/www.lejournalduforkane.com\/index.php\/wp-json\/wp\/v2\/types\/post"}],"author":[{"embeddable":true,"href":"https:\/\/www.lejournalduforkane.com\/index.php\/wp-json\/wp\/v2\/users\/2"}],"replies":[{"embeddable":true,"href":"https:\/\/www.lejournalduforkane.com\/index.php\/wp-json\/wp\/v2\/comments?post=27777"}],"version-history":[{"count":1,"href":"https:\/\/www.lejournalduforkane.com\/index.php\/wp-json\/wp\/v2\/posts\/27777\/revisions"}],"predecessor-version":[{"id":27779,"href":"https:\/\/www.lejournalduforkane.com\/index.php\/wp-json\/wp\/v2\/posts\/27777\/revisions\/27779"}],"wp:featuredmedia":[{"embeddable":true,"href":"https:\/\/www.lejournalduforkane.com\/index.php\/wp-json\/wp\/v2\/media\/27778"}],"wp:attachment":[{"href":"https:\/\/www.lejournalduforkane.com\/index.php\/wp-json\/wp\/v2\/media?parent=27777"}],"wp:term":[{"taxonomy":"category","embeddable":true,"href":"https:\/\/www.lejournalduforkane.com\/index.php\/wp-json\/wp\/v2\/categories?post=27777"},{"taxonomy":"post_tag","embeddable":true,"href":"https:\/\/www.lejournalduforkane.com\/index.php\/wp-json\/wp\/v2\/tags?post=27777"}],"curies":[{"name":"wp","href":"https:\/\/api.w.org\/{rel}","templated":true}]}}