
{"id":27784,"date":"2022-01-17T14:57:00","date_gmt":"2022-01-17T14:57:00","guid":{"rendered":"https:\/\/www.lejournalduforkane.com\/?p=27784"},"modified":"2022-01-19T14:59:26","modified_gmt":"2022-01-19T14:59:26","slug":"operation-majeure-des-forces-yemenites-contre-des-installations-petrolieres-a-abu-dhabi-aeroport-international-tous-les-vols-annules","status":"publish","type":"post","link":"https:\/\/www.lejournalduforkane.com\/index.php\/operation-majeure-des-forces-yemenites-contre-des-installations-petrolieres-a-abu-dhabi-aeroport-international-tous-les-vols-annules\/","title":{"rendered":"Op\u00e9ration majeure des forces y\u00e9m\u00e9nites contre des installations p\u00e9troli\u00e8res \u00e0 Abu Dhabi &#038; a\u00e9roport international. Tous les vols annul\u00e9s"},"content":{"rendered":"<div class=\"kvgmc6g5 cxmmr5t8 oygrvhab hcukyx3x c1et5uql ii04i59q\">\n<div dir=\"auto\">Op\u00e9ration majeure des forces y\u00e9m\u00e9nites contre des installations p\u00e9troli\u00e8res \u00e0 Abu Dhabi &amp; a\u00e9roport international. Tous les vols annul\u00e9s<\/div>\n<div dir=\"auto\">\u00a0<\/div>\n<\/div>\n<div class=\"cxmmr5t8 oygrvhab hcukyx3x c1et5uql o9v6fnle ii04i59q\">\n<div dir=\"auto\">Tant que les Emirats participent \u00e0 la guerre genocidaire &amp; au si\u00e8ge affamant le Y\u00e9men ils seront dans la ligne de mire.<\/div>\n<\/div>\n<div class=\"cxmmr5t8 oygrvhab hcukyx3x c1et5uql o9v6fnle ii04i59q\">\n<div dir=\"auto\">20 drones et 10 missiles balistiques de la R\u00e9sistance y\u00e9m\u00e9nite ont frapp\u00e9 le coeur d&rsquo;Abu Dhabi.<\/div>\n<\/div>\n<div class=\"cxmmr5t8 oygrvhab hcukyx3x c1et5uql o9v6fnle ii04i59q\">\n<div dir=\"auto\">Les Emirats participent activement \u00e0 la guerre saoudo-am\u00e9ricaine contre le Y\u00e9men. Ils avaient \u00e9t\u00e9 avertis mais n&rsquo;ont pas \u00e9cout\u00e9&#8230;<\/div>\n<\/div>\n\n\n<iframe loading=\"lazy\" src=\"https:\/\/www.facebook.com\/plugins\/video.php?height=476&#038;href=https%3A%2F%2Fwww.facebook.com%2Fle.journal.du.forqane%2Fvideos%2F984197728856953%2F&#038;show_text=false&#038;width=267&#038;t=0\" width=\"267\" height=\"476\" style=\"border:none;overflow:hidden\" scrolling=\"no\" frameborder=\"0\" allowfullscreen=\"true\" allow=\"autoplay; clipboard-write; encrypted-media; picture-in-picture; web-share\" allowFullScreen=\"true\"><\/iframe>\n","protected":false},"excerpt":{"rendered":"<p>Op\u00e9ration majeure des forces y\u00e9m\u00e9nites contre des installations p\u00e9troli\u00e8res \u00e0 Abu Dhabi &amp; a\u00e9roport international. Tous les vols annul\u00e9s \u00a0 Tant que les Emirats participent \u00e0 la guerre genocidaire &amp;<\/p>\n","protected":false},"author":2,"featured_media":27785,"comment_status":"closed","ping_status":"open","sticky":false,"template":"","format":"standard","meta":[],"categories":[],"tags":[],"_links":{"self":[{"href":"https:\/\/www.lejournalduforkane.com\/index.php\/wp-json\/wp\/v2\/posts\/27784"}],"collection":[{"href":"https:\/\/www.lejournalduforkane.com\/index.php\/wp-json\/wp\/v2\/posts"}],"about":[{"href":"https:\/\/www.lejournalduforkane.com\/index.php\/wp-json\/wp\/v2\/types\/post"}],"author":[{"embeddable":true,"href":"https:\/\/www.lejournalduforkane.com\/index.php\/wp-json\/wp\/v2\/users\/2"}],"replies":[{"embeddable":true,"href":"https:\/\/www.lejournalduforkane.com\/index.php\/wp-json\/wp\/v2\/comments?post=27784"}],"version-history":[{"count":1,"href":"https:\/\/www.lejournalduforkane.com\/index.php\/wp-json\/wp\/v2\/posts\/27784\/revisions"}],"predecessor-version":[{"id":27786,"href":"https:\/\/www.lejournalduforkane.com\/index.php\/wp-json\/wp\/v2\/posts\/27784\/revisions\/27786"}],"wp:featuredmedia":[{"embeddable":true,"href":"https:\/\/www.lejournalduforkane.com\/index.php\/wp-json\/wp\/v2\/media\/27785"}],"wp:attachment":[{"href":"https:\/\/www.lejournalduforkane.com\/index.php\/wp-json\/wp\/v2\/media?parent=27784"}],"wp:term":[{"taxonomy":"category","embeddable":true,"href":"https:\/\/www.lejournalduforkane.com\/index.php\/wp-json\/wp\/v2\/categories?post=27784"},{"taxonomy":"post_tag","embeddable":true,"href":"https:\/\/www.lejournalduforkane.com\/index.php\/wp-json\/wp\/v2\/tags?post=27784"}],"curies":[{"name":"wp","href":"https:\/\/api.w.org\/{rel}","templated":true}]}}