
{"id":27866,"date":"2022-02-13T19:40:00","date_gmt":"2022-02-13T19:40:00","guid":{"rendered":"https:\/\/www.lejournalduforkane.com\/?p=27866"},"modified":"2022-02-14T19:41:49","modified_gmt":"2022-02-14T19:41:49","slug":"les-iraniens-celebrent-en-pompe-et-en-masse-le-43eme-anniversaire-de-la-victoire-de-la-revolution-islamique-en-iran-ce-qui-contredit-totalement-la-propagande-sioniste-a-la-tele-selon-laquelle-le-peu","status":"publish","type":"post","link":"https:\/\/www.lejournalduforkane.com\/index.php\/les-iraniens-celebrent-en-pompe-et-en-masse-le-43eme-anniversaire-de-la-victoire-de-la-revolution-islamique-en-iran-ce-qui-contredit-totalement-la-propagande-sioniste-a-la-tele-selon-laquelle-le-peu\/","title":{"rendered":"Les iraniens c\u00e9l\u00e8brent en pompe et en masse le 43\u00e8me anniversaire de la victoire de la r\u00e9volution islamique en Iran ce qui contredit totalement la propagande sioniste \u00e0 la t\u00e9l\u00e9 selon laquelle \u00ab\u00a0le peuple r\u00e8ve de s&rsquo;am\u00e9ricaniser\u00a0\u00bb"},"content":{"rendered":"\n<iframe loading=\"lazy\" src=\"https:\/\/www.facebook.com\/plugins\/video.php?height=314&#038;href=https%3A%2F%2Fwww.facebook.com%2Fle.journal.du.forqane%2Fvideos%2F1006871486584581%2F&#038;show_text=false&#038;width=560&#038;t=0\" width=\"560\" height=\"314\" style=\"border:none;overflow:hidden\" scrolling=\"no\" frameborder=\"0\" allowfullscreen=\"true\" allow=\"autoplay; clipboard-write; encrypted-media; picture-in-picture; web-share\" allowFullScreen=\"true\"><\/iframe>\n","protected":false},"excerpt":{"rendered":"","protected":false},"author":2,"featured_media":27867,"comment_status":"closed","ping_status":"open","sticky":false,"template":"","format":"standard","meta":[],"categories":[],"tags":[],"_links":{"self":[{"href":"https:\/\/www.lejournalduforkane.com\/index.php\/wp-json\/wp\/v2\/posts\/27866"}],"collection":[{"href":"https:\/\/www.lejournalduforkane.com\/index.php\/wp-json\/wp\/v2\/posts"}],"about":[{"href":"https:\/\/www.lejournalduforkane.com\/index.php\/wp-json\/wp\/v2\/types\/post"}],"author":[{"embeddable":true,"href":"https:\/\/www.lejournalduforkane.com\/index.php\/wp-json\/wp\/v2\/users\/2"}],"replies":[{"embeddable":true,"href":"https:\/\/www.lejournalduforkane.com\/index.php\/wp-json\/wp\/v2\/comments?post=27866"}],"version-history":[{"count":1,"href":"https:\/\/www.lejournalduforkane.com\/index.php\/wp-json\/wp\/v2\/posts\/27866\/revisions"}],"predecessor-version":[{"id":27868,"href":"https:\/\/www.lejournalduforkane.com\/index.php\/wp-json\/wp\/v2\/posts\/27866\/revisions\/27868"}],"wp:featuredmedia":[{"embeddable":true,"href":"https:\/\/www.lejournalduforkane.com\/index.php\/wp-json\/wp\/v2\/media\/27867"}],"wp:attachment":[{"href":"https:\/\/www.lejournalduforkane.com\/index.php\/wp-json\/wp\/v2\/media?parent=27866"}],"wp:term":[{"taxonomy":"category","embeddable":true,"href":"https:\/\/www.lejournalduforkane.com\/index.php\/wp-json\/wp\/v2\/categories?post=27866"},{"taxonomy":"post_tag","embeddable":true,"href":"https:\/\/www.lejournalduforkane.com\/index.php\/wp-json\/wp\/v2\/tags?post=27866"}],"curies":[{"name":"wp","href":"https:\/\/api.w.org\/{rel}","templated":true}]}}