
{"id":27875,"date":"2022-02-16T18:28:36","date_gmt":"2022-02-16T18:28:36","guid":{"rendered":"https:\/\/www.lejournalduforkane.com\/?p=27875"},"modified":"2022-02-16T18:28:39","modified_gmt":"2022-02-16T18:28:39","slug":"un-colon-sioniste-a-asperge-de-gaz-poivre-fatima-salem-residente-dal-quds-jerusalem-agee-de-70-ans-alors-quelle-rentrait-dans-son-domicile-a-cheikh-jarrah-il-y-a-deux-jours-de-cela","status":"publish","type":"post","link":"https:\/\/www.lejournalduforkane.com\/index.php\/un-colon-sioniste-a-asperge-de-gaz-poivre-fatima-salem-residente-dal-quds-jerusalem-agee-de-70-ans-alors-quelle-rentrait-dans-son-domicile-a-cheikh-jarrah-il-y-a-deux-jours-de-cela\/","title":{"rendered":"Un colon sioniste a asperg\u00e9 de gaz poivre Fatima Salem, r\u00e9sidente d&rsquo;Al-Quds (J\u00e9rusalem) \u00e2g\u00e9e de 70 ans, alors qu&rsquo;elle rentrait dans son domicile \u00e0 Cheikh Jarrah, il y a deux jours de cela."},"content":{"rendered":"<p>Le harc\u00e8lement et le nettoyage ethnique se poursuivent.<\/p>\n\n\n<iframe loading=\"lazy\" src=\"https:\/\/www.facebook.com\/plugins\/video.php?height=476&#038;href=https%3A%2F%2Fwww.facebook.com%2Fle.journal.du.forqane%2Fvideos%2F526984405554955%2F&#038;show_text=false&#038;width=476&#038;t=0\" width=\"476\" height=\"476\" style=\"border:none;overflow:hidden\" scrolling=\"no\" frameborder=\"0\" allowfullscreen=\"true\" allow=\"autoplay; clipboard-write; encrypted-media; picture-in-picture; web-share\" allowFullScreen=\"true\"><\/iframe>\n","protected":false},"excerpt":{"rendered":"<p>Le harc\u00e8lement et le nettoyage ethnique se poursuivent.<\/p>\n","protected":false},"author":2,"featured_media":27877,"comment_status":"closed","ping_status":"open","sticky":false,"template":"","format":"standard","meta":[],"categories":[],"tags":[],"_links":{"self":[{"href":"https:\/\/www.lejournalduforkane.com\/index.php\/wp-json\/wp\/v2\/posts\/27875"}],"collection":[{"href":"https:\/\/www.lejournalduforkane.com\/index.php\/wp-json\/wp\/v2\/posts"}],"about":[{"href":"https:\/\/www.lejournalduforkane.com\/index.php\/wp-json\/wp\/v2\/types\/post"}],"author":[{"embeddable":true,"href":"https:\/\/www.lejournalduforkane.com\/index.php\/wp-json\/wp\/v2\/users\/2"}],"replies":[{"embeddable":true,"href":"https:\/\/www.lejournalduforkane.com\/index.php\/wp-json\/wp\/v2\/comments?post=27875"}],"version-history":[{"count":2,"href":"https:\/\/www.lejournalduforkane.com\/index.php\/wp-json\/wp\/v2\/posts\/27875\/revisions"}],"predecessor-version":[{"id":27878,"href":"https:\/\/www.lejournalduforkane.com\/index.php\/wp-json\/wp\/v2\/posts\/27875\/revisions\/27878"}],"wp:featuredmedia":[{"embeddable":true,"href":"https:\/\/www.lejournalduforkane.com\/index.php\/wp-json\/wp\/v2\/media\/27877"}],"wp:attachment":[{"href":"https:\/\/www.lejournalduforkane.com\/index.php\/wp-json\/wp\/v2\/media?parent=27875"}],"wp:term":[{"taxonomy":"category","embeddable":true,"href":"https:\/\/www.lejournalduforkane.com\/index.php\/wp-json\/wp\/v2\/categories?post=27875"},{"taxonomy":"post_tag","embeddable":true,"href":"https:\/\/www.lejournalduforkane.com\/index.php\/wp-json\/wp\/v2\/tags?post=27875"}],"curies":[{"name":"wp","href":"https:\/\/api.w.org\/{rel}","templated":true}]}}