
{"id":27879,"date":"2022-02-16T18:31:54","date_gmt":"2022-02-16T18:31:54","guid":{"rendered":"https:\/\/www.lejournalduforkane.com\/?p=27879"},"modified":"2022-02-16T18:31:58","modified_gmt":"2022-02-16T18:31:58","slug":"israel-detient-500-prisonniers-politiques-palestiniens-en-detention-administrative-sans-inculpation-ni-proces","status":"publish","type":"post","link":"https:\/\/www.lejournalduforkane.com\/index.php\/israel-detient-500-prisonniers-politiques-palestiniens-en-detention-administrative-sans-inculpation-ni-proces\/","title":{"rendered":"Isra\u00ebl d\u00e9tient 500 prisonniers politiques palestiniens en d\u00e9tention administrative\u2013sans inculpation ni proc\u00e8s"},"content":{"rendered":"<p>Isra\u00ebl d\u00e9tient 500 prisonniers politiques palestiniens en d\u00e9tention administrative\u2013sans inculpation ni proc\u00e8s<\/p>\n<p>Ces d\u00e9tenus boycottent collectivement les tribunaux militaires isra\u00e9liens, exigeant la fin de la pratique abusive de la d\u00e9tention administrative par Isra\u00ebl<\/p>\n\n\n<iframe loading=\"lazy\" src=\"https:\/\/www.facebook.com\/plugins\/video.php?height=314&#038;href=https%3A%2F%2Fwww.facebook.com%2Fle.journal.du.forqane%2Fvideos%2F627108461918800%2F&#038;show_text=false&#038;width=560&#038;t=0\" width=\"560\" height=\"314\" style=\"border:none;overflow:hidden\" scrolling=\"no\" frameborder=\"0\" allowfullscreen=\"true\" allow=\"autoplay; clipboard-write; encrypted-media; picture-in-picture; web-share\" allowFullScreen=\"true\"><\/iframe>\n","protected":false},"excerpt":{"rendered":"<p>Isra\u00ebl d\u00e9tient 500 prisonniers politiques palestiniens en d\u00e9tention administrative\u2013sans inculpation ni proc\u00e8s Ces d\u00e9tenus boycottent collectivement les tribunaux militaires isra\u00e9liens, exigeant la fin de la pratique abusive de la d\u00e9tention<\/p>\n","protected":false},"author":2,"featured_media":27880,"comment_status":"closed","ping_status":"open","sticky":false,"template":"","format":"standard","meta":[],"categories":[],"tags":[],"_links":{"self":[{"href":"https:\/\/www.lejournalduforkane.com\/index.php\/wp-json\/wp\/v2\/posts\/27879"}],"collection":[{"href":"https:\/\/www.lejournalduforkane.com\/index.php\/wp-json\/wp\/v2\/posts"}],"about":[{"href":"https:\/\/www.lejournalduforkane.com\/index.php\/wp-json\/wp\/v2\/types\/post"}],"author":[{"embeddable":true,"href":"https:\/\/www.lejournalduforkane.com\/index.php\/wp-json\/wp\/v2\/users\/2"}],"replies":[{"embeddable":true,"href":"https:\/\/www.lejournalduforkane.com\/index.php\/wp-json\/wp\/v2\/comments?post=27879"}],"version-history":[{"count":1,"href":"https:\/\/www.lejournalduforkane.com\/index.php\/wp-json\/wp\/v2\/posts\/27879\/revisions"}],"predecessor-version":[{"id":27881,"href":"https:\/\/www.lejournalduforkane.com\/index.php\/wp-json\/wp\/v2\/posts\/27879\/revisions\/27881"}],"wp:featuredmedia":[{"embeddable":true,"href":"https:\/\/www.lejournalduforkane.com\/index.php\/wp-json\/wp\/v2\/media\/27880"}],"wp:attachment":[{"href":"https:\/\/www.lejournalduforkane.com\/index.php\/wp-json\/wp\/v2\/media?parent=27879"}],"wp:term":[{"taxonomy":"category","embeddable":true,"href":"https:\/\/www.lejournalduforkane.com\/index.php\/wp-json\/wp\/v2\/categories?post=27879"},{"taxonomy":"post_tag","embeddable":true,"href":"https:\/\/www.lejournalduforkane.com\/index.php\/wp-json\/wp\/v2\/tags?post=27879"}],"curies":[{"name":"wp","href":"https:\/\/api.w.org\/{rel}","templated":true}]}}