
{"id":27882,"date":"2022-02-16T18:35:48","date_gmt":"2022-02-16T18:35:48","guid":{"rendered":"https:\/\/www.lejournalduforkane.com\/?p=27882"},"modified":"2022-02-16T18:35:51","modified_gmt":"2022-02-16T18:35:51","slug":"le-ministre-russe-de-la-defense-shoigu-rencontre-bashar-al-assad-et-visite-la-base-aerienne-de-hamimim-en-syrie-apres-quoi-il-inspectera-les-exercices-navals-dans-la-partie-orientale-de-la-mediterr","status":"publish","type":"post","link":"https:\/\/www.lejournalduforkane.com\/index.php\/le-ministre-russe-de-la-defense-shoigu-rencontre-bashar-al-assad-et-visite-la-base-aerienne-de-hamimim-en-syrie-apres-quoi-il-inspectera-les-exercices-navals-dans-la-partie-orientale-de-la-mediterr\/","title":{"rendered":"Le ministre russe de la D\u00e9fense, Sho\u00efgu, rencontre Bashar al-Assad et visite la base a\u00e9rienne de Hamimim en Syrie, apr\u00e8s quoi il inspectera les exercices navals dans la partie orientale de la M\u00e9diterran\u00e9e \u00e0 Tartous."},"content":{"rendered":"\n<iframe loading=\"lazy\" src=\"https:\/\/www.facebook.com\/plugins\/video.php?height=292&#038;href=https%3A%2F%2Fwww.facebook.com%2Fle.journal.du.forqane%2Fvideos%2F920364032009165%2F&#038;show_text=false&#038;width=560&#038;t=0\" width=\"560\" height=\"292\" style=\"border:none;overflow:hidden\" scrolling=\"no\" frameborder=\"0\" allowfullscreen=\"true\" allow=\"autoplay; clipboard-write; encrypted-media; picture-in-picture; web-share\" allowFullScreen=\"true\"><\/iframe>\n","protected":false},"excerpt":{"rendered":"","protected":false},"author":2,"featured_media":27883,"comment_status":"closed","ping_status":"open","sticky":false,"template":"","format":"standard","meta":[],"categories":[],"tags":[],"_links":{"self":[{"href":"https:\/\/www.lejournalduforkane.com\/index.php\/wp-json\/wp\/v2\/posts\/27882"}],"collection":[{"href":"https:\/\/www.lejournalduforkane.com\/index.php\/wp-json\/wp\/v2\/posts"}],"about":[{"href":"https:\/\/www.lejournalduforkane.com\/index.php\/wp-json\/wp\/v2\/types\/post"}],"author":[{"embeddable":true,"href":"https:\/\/www.lejournalduforkane.com\/index.php\/wp-json\/wp\/v2\/users\/2"}],"replies":[{"embeddable":true,"href":"https:\/\/www.lejournalduforkane.com\/index.php\/wp-json\/wp\/v2\/comments?post=27882"}],"version-history":[{"count":1,"href":"https:\/\/www.lejournalduforkane.com\/index.php\/wp-json\/wp\/v2\/posts\/27882\/revisions"}],"predecessor-version":[{"id":27884,"href":"https:\/\/www.lejournalduforkane.com\/index.php\/wp-json\/wp\/v2\/posts\/27882\/revisions\/27884"}],"wp:featuredmedia":[{"embeddable":true,"href":"https:\/\/www.lejournalduforkane.com\/index.php\/wp-json\/wp\/v2\/media\/27883"}],"wp:attachment":[{"href":"https:\/\/www.lejournalduforkane.com\/index.php\/wp-json\/wp\/v2\/media?parent=27882"}],"wp:term":[{"taxonomy":"category","embeddable":true,"href":"https:\/\/www.lejournalduforkane.com\/index.php\/wp-json\/wp\/v2\/categories?post=27882"},{"taxonomy":"post_tag","embeddable":true,"href":"https:\/\/www.lejournalduforkane.com\/index.php\/wp-json\/wp\/v2\/tags?post=27882"}],"curies":[{"name":"wp","href":"https:\/\/api.w.org\/{rel}","templated":true}]}}