
{"id":27898,"date":"2022-02-21T21:20:00","date_gmt":"2022-02-21T21:20:00","guid":{"rendered":"https:\/\/www.lejournalduforkane.com\/?p=27898"},"modified":"2022-02-22T21:25:02","modified_gmt":"2022-02-22T21:25:02","slug":"scenes-de-liesse-dans-les-rues-de-donetsk-lougansk-suite-a-la-reconnaissance-de-lindependance-de-ces-republiques-separatistes-par-la-russie-vous-ne-les-verrez-pas-a-la-tv","status":"publish","type":"post","link":"https:\/\/www.lejournalduforkane.com\/index.php\/scenes-de-liesse-dans-les-rues-de-donetsk-lougansk-suite-a-la-reconnaissance-de-lindependance-de-ces-republiques-separatistes-par-la-russie-vous-ne-les-verrez-pas-a-la-tv\/","title":{"rendered":"Sc\u00e8nes de liesse dans les rues de Donetsk &#038; Lougansk suite \u00e0 la reconnaissance de l&rsquo;ind\u00e9pendance de ces R\u00e9publiques s\u00e9paratistes par la Russie.Vous ne les verrez pas \u00e0 la TV."},"content":{"rendered":"\n<iframe loading=\"lazy\" src=\"https:\/\/www.facebook.com\/plugins\/video.php?height=314&#038;href=https%3A%2F%2Fwww.facebook.com%2Fle.journal.du.forqane%2Fvideos%2F523800462393112%2F&#038;show_text=false&#038;width=560&#038;t=0\" width=\"560\" height=\"314\" style=\"border:none;overflow:hidden\" scrolling=\"no\" frameborder=\"0\" allowfullscreen=\"true\" allow=\"autoplay; clipboard-write; encrypted-media; picture-in-picture; web-share\" allowFullScreen=\"true\"><\/iframe>\n\n\n","protected":false},"excerpt":{"rendered":"","protected":false},"author":2,"featured_media":27899,"comment_status":"closed","ping_status":"open","sticky":false,"template":"","format":"standard","meta":[],"categories":[],"tags":[],"_links":{"self":[{"href":"https:\/\/www.lejournalduforkane.com\/index.php\/wp-json\/wp\/v2\/posts\/27898"}],"collection":[{"href":"https:\/\/www.lejournalduforkane.com\/index.php\/wp-json\/wp\/v2\/posts"}],"about":[{"href":"https:\/\/www.lejournalduforkane.com\/index.php\/wp-json\/wp\/v2\/types\/post"}],"author":[{"embeddable":true,"href":"https:\/\/www.lejournalduforkane.com\/index.php\/wp-json\/wp\/v2\/users\/2"}],"replies":[{"embeddable":true,"href":"https:\/\/www.lejournalduforkane.com\/index.php\/wp-json\/wp\/v2\/comments?post=27898"}],"version-history":[{"count":1,"href":"https:\/\/www.lejournalduforkane.com\/index.php\/wp-json\/wp\/v2\/posts\/27898\/revisions"}],"predecessor-version":[{"id":27900,"href":"https:\/\/www.lejournalduforkane.com\/index.php\/wp-json\/wp\/v2\/posts\/27898\/revisions\/27900"}],"wp:featuredmedia":[{"embeddable":true,"href":"https:\/\/www.lejournalduforkane.com\/index.php\/wp-json\/wp\/v2\/media\/27899"}],"wp:attachment":[{"href":"https:\/\/www.lejournalduforkane.com\/index.php\/wp-json\/wp\/v2\/media?parent=27898"}],"wp:term":[{"taxonomy":"category","embeddable":true,"href":"https:\/\/www.lejournalduforkane.com\/index.php\/wp-json\/wp\/v2\/categories?post=27898"},{"taxonomy":"post_tag","embeddable":true,"href":"https:\/\/www.lejournalduforkane.com\/index.php\/wp-json\/wp\/v2\/tags?post=27898"}],"curies":[{"name":"wp","href":"https:\/\/api.w.org\/{rel}","templated":true}]}}