
{"id":27904,"date":"2022-02-22T17:53:00","date_gmt":"2022-02-22T17:53:00","guid":{"rendered":"https:\/\/www.lejournalduforkane.com\/?p=27904"},"modified":"2022-02-23T17:56:12","modified_gmt":"2022-02-23T17:56:12","slug":"les-ambassadeurs-de-bolivie-de-cuba-du-nicaragua-et-du-venezuela-ont-rendu-hommage-au-fondateur-de-la-republique-islamique-diran-limam-khomeini-en-se-rendant-dans-son-mausolee-et-en-y-deposant","status":"publish","type":"post","link":"https:\/\/www.lejournalduforkane.com\/index.php\/les-ambassadeurs-de-bolivie-de-cuba-du-nicaragua-et-du-venezuela-ont-rendu-hommage-au-fondateur-de-la-republique-islamique-diran-limam-khomeini-en-se-rendant-dans-son-mausolee-et-en-y-deposant\/","title":{"rendered":"Les ambassadeurs de Bolivie, de Cuba, du Nicaragua et du Venezuela ont rendu hommage au fondateur de la R\u00e9publique Islamique d&rsquo;Iran, l&rsquo;Imam Khomeini, en se rendant dans son mausol\u00e9e et en y d\u00e9posant une couronne de fleurs."},"content":{"rendered":"\n<iframe loading=\"lazy\" src=\"https:\/\/www.facebook.com\/plugins\/video.php?height=314&#038;href=https%3A%2F%2Fwww.facebook.com%2Fle.journal.du.forqane%2Fvideos%2F681672726378419%2F&#038;show_text=false&#038;width=560&#038;t=0\" width=\"560\" height=\"314\" style=\"border:none;overflow:hidden\" scrolling=\"no\" frameborder=\"0\" allowfullscreen=\"true\" allow=\"autoplay; clipboard-write; encrypted-media; picture-in-picture; web-share\" allowFullScreen=\"true\"><\/iframe>\n","protected":false},"excerpt":{"rendered":"","protected":false},"author":2,"featured_media":27905,"comment_status":"closed","ping_status":"open","sticky":false,"template":"","format":"standard","meta":[],"categories":[],"tags":[],"_links":{"self":[{"href":"https:\/\/www.lejournalduforkane.com\/index.php\/wp-json\/wp\/v2\/posts\/27904"}],"collection":[{"href":"https:\/\/www.lejournalduforkane.com\/index.php\/wp-json\/wp\/v2\/posts"}],"about":[{"href":"https:\/\/www.lejournalduforkane.com\/index.php\/wp-json\/wp\/v2\/types\/post"}],"author":[{"embeddable":true,"href":"https:\/\/www.lejournalduforkane.com\/index.php\/wp-json\/wp\/v2\/users\/2"}],"replies":[{"embeddable":true,"href":"https:\/\/www.lejournalduforkane.com\/index.php\/wp-json\/wp\/v2\/comments?post=27904"}],"version-history":[{"count":1,"href":"https:\/\/www.lejournalduforkane.com\/index.php\/wp-json\/wp\/v2\/posts\/27904\/revisions"}],"predecessor-version":[{"id":27906,"href":"https:\/\/www.lejournalduforkane.com\/index.php\/wp-json\/wp\/v2\/posts\/27904\/revisions\/27906"}],"wp:featuredmedia":[{"embeddable":true,"href":"https:\/\/www.lejournalduforkane.com\/index.php\/wp-json\/wp\/v2\/media\/27905"}],"wp:attachment":[{"href":"https:\/\/www.lejournalduforkane.com\/index.php\/wp-json\/wp\/v2\/media?parent=27904"}],"wp:term":[{"taxonomy":"category","embeddable":true,"href":"https:\/\/www.lejournalduforkane.com\/index.php\/wp-json\/wp\/v2\/categories?post=27904"},{"taxonomy":"post_tag","embeddable":true,"href":"https:\/\/www.lejournalduforkane.com\/index.php\/wp-json\/wp\/v2\/tags?post=27904"}],"curies":[{"name":"wp","href":"https:\/\/api.w.org\/{rel}","templated":true}]}}