
{"id":27931,"date":"2022-02-24T16:40:05","date_gmt":"2022-02-24T16:40:05","guid":{"rendered":"https:\/\/www.lejournalduforkane.com\/?p=27931"},"modified":"2022-02-24T16:40:07","modified_gmt":"2022-02-24T16:40:07","slug":"les-missiles-kalibr-3m-54-quon-voit-dans-cette-video-ont-frappe-laerodrome-militaire-de-kulbakino-dans-la-region-de-nikolaev-ou-se-trouvaient-les-drones-de-frappe-bayraktar-tb-2-fournis-par-la-tu","status":"publish","type":"post","link":"https:\/\/www.lejournalduforkane.com\/index.php\/les-missiles-kalibr-3m-54-quon-voit-dans-cette-video-ont-frappe-laerodrome-militaire-de-kulbakino-dans-la-region-de-nikolaev-ou-se-trouvaient-les-drones-de-frappe-bayraktar-tb-2-fournis-par-la-tu\/","title":{"rendered":"Les missiles Kalibr 3M-54 qu&rsquo;on voit dans cette vid\u00e9o ont frapp\u00e9 l&rsquo;a\u00e9rodrome militaire de Kulbakino dans la r\u00e9gion de Nikolaev, o\u00f9 se trouvaient les drones de frappe Bayraktar TB-2 fournis par la Turquie."},"content":{"rendered":"\n<iframe loading=\"lazy\" src=\"https:\/\/www.facebook.com\/plugins\/video.php?height=476&#038;href=https%3A%2F%2Fwww.facebook.com%2Fle.journal.du.forqane%2Fvideos%2F672557880759985%2F&#038;show_text=false&#038;width=476&#038;t=0\" width=\"476\" height=\"476\" style=\"border:none;overflow:hidden\" scrolling=\"no\" frameborder=\"0\" allowfullscreen=\"true\" allow=\"autoplay; clipboard-write; encrypted-media; picture-in-picture; web-share\" allowFullScreen=\"true\"><\/iframe>\n","protected":false},"excerpt":{"rendered":"","protected":false},"author":2,"featured_media":27932,"comment_status":"closed","ping_status":"open","sticky":false,"template":"","format":"standard","meta":[],"categories":[],"tags":[],"_links":{"self":[{"href":"https:\/\/www.lejournalduforkane.com\/index.php\/wp-json\/wp\/v2\/posts\/27931"}],"collection":[{"href":"https:\/\/www.lejournalduforkane.com\/index.php\/wp-json\/wp\/v2\/posts"}],"about":[{"href":"https:\/\/www.lejournalduforkane.com\/index.php\/wp-json\/wp\/v2\/types\/post"}],"author":[{"embeddable":true,"href":"https:\/\/www.lejournalduforkane.com\/index.php\/wp-json\/wp\/v2\/users\/2"}],"replies":[{"embeddable":true,"href":"https:\/\/www.lejournalduforkane.com\/index.php\/wp-json\/wp\/v2\/comments?post=27931"}],"version-history":[{"count":1,"href":"https:\/\/www.lejournalduforkane.com\/index.php\/wp-json\/wp\/v2\/posts\/27931\/revisions"}],"predecessor-version":[{"id":27933,"href":"https:\/\/www.lejournalduforkane.com\/index.php\/wp-json\/wp\/v2\/posts\/27931\/revisions\/27933"}],"wp:featuredmedia":[{"embeddable":true,"href":"https:\/\/www.lejournalduforkane.com\/index.php\/wp-json\/wp\/v2\/media\/27932"}],"wp:attachment":[{"href":"https:\/\/www.lejournalduforkane.com\/index.php\/wp-json\/wp\/v2\/media?parent=27931"}],"wp:term":[{"taxonomy":"category","embeddable":true,"href":"https:\/\/www.lejournalduforkane.com\/index.php\/wp-json\/wp\/v2\/categories?post=27931"},{"taxonomy":"post_tag","embeddable":true,"href":"https:\/\/www.lejournalduforkane.com\/index.php\/wp-json\/wp\/v2\/tags?post=27931"}],"curies":[{"name":"wp","href":"https:\/\/api.w.org\/{rel}","templated":true}]}}