
{"id":27940,"date":"2022-02-24T16:44:26","date_gmt":"2022-02-24T16:44:26","guid":{"rendered":"https:\/\/www.lejournalduforkane.com\/?p=27940"},"modified":"2022-02-24T16:44:28","modified_gmt":"2022-02-24T16:44:28","slug":"entree-des-forces-armees-russie-dans-la-region-de-kherson-au-sud-de-lukraine","status":"publish","type":"post","link":"https:\/\/www.lejournalduforkane.com\/index.php\/entree-des-forces-armees-russie-dans-la-region-de-kherson-au-sud-de-lukraine\/","title":{"rendered":"Entr\u00e9e des Forces arm\u00e9es Russie dans la r\u00e9gion de Kherson, au sud de l&rsquo;Ukraine."},"content":{"rendered":"<div class=\"kvgmc6g5 cxmmr5t8 oygrvhab hcukyx3x c1et5uql ii04i59q\">\n<div dir=\"auto\">Entr\u00e9e des Forces arm\u00e9es Russie dans la r\u00e9gion de Kherson, au sud de l&rsquo;Ukraine.<\/div>\n<\/div>\n<div class=\"cxmmr5t8 oygrvhab hcukyx3x c1et5uql o9v6fnle ii04i59q\">\n<div dir=\"auto\">Le Pr\u00e9sident ukrainien va repenser avec nostalgie aux jours de paix o\u00f9 il ne parlait que de guerre.<\/div>\n<\/div>\n\n\n<iframe loading=\"lazy\" src=\"https:\/\/www.facebook.com\/plugins\/video.php?height=476&#038;href=https%3A%2F%2Fwww.facebook.com%2Fle.journal.du.forqane%2Fvideos%2F963577527883231%2F&#038;show_text=false&#038;width=249&#038;t=0\" width=\"249\" height=\"476\" style=\"border:none;overflow:hidden\" scrolling=\"no\" frameborder=\"0\" allowfullscreen=\"true\" allow=\"autoplay; clipboard-write; encrypted-media; picture-in-picture; web-share\" allowFullScreen=\"true\"><\/iframe>\n","protected":false},"excerpt":{"rendered":"<p>Entr\u00e9e des Forces arm\u00e9es Russie dans la r\u00e9gion de Kherson, au sud de l&rsquo;Ukraine. Le Pr\u00e9sident ukrainien va repenser avec nostalgie aux jours de paix o\u00f9 il ne parlait que<\/p>\n","protected":false},"author":2,"featured_media":27941,"comment_status":"closed","ping_status":"open","sticky":false,"template":"","format":"standard","meta":[],"categories":[],"tags":[],"_links":{"self":[{"href":"https:\/\/www.lejournalduforkane.com\/index.php\/wp-json\/wp\/v2\/posts\/27940"}],"collection":[{"href":"https:\/\/www.lejournalduforkane.com\/index.php\/wp-json\/wp\/v2\/posts"}],"about":[{"href":"https:\/\/www.lejournalduforkane.com\/index.php\/wp-json\/wp\/v2\/types\/post"}],"author":[{"embeddable":true,"href":"https:\/\/www.lejournalduforkane.com\/index.php\/wp-json\/wp\/v2\/users\/2"}],"replies":[{"embeddable":true,"href":"https:\/\/www.lejournalduforkane.com\/index.php\/wp-json\/wp\/v2\/comments?post=27940"}],"version-history":[{"count":1,"href":"https:\/\/www.lejournalduforkane.com\/index.php\/wp-json\/wp\/v2\/posts\/27940\/revisions"}],"predecessor-version":[{"id":27942,"href":"https:\/\/www.lejournalduforkane.com\/index.php\/wp-json\/wp\/v2\/posts\/27940\/revisions\/27942"}],"wp:featuredmedia":[{"embeddable":true,"href":"https:\/\/www.lejournalduforkane.com\/index.php\/wp-json\/wp\/v2\/media\/27941"}],"wp:attachment":[{"href":"https:\/\/www.lejournalduforkane.com\/index.php\/wp-json\/wp\/v2\/media?parent=27940"}],"wp:term":[{"taxonomy":"category","embeddable":true,"href":"https:\/\/www.lejournalduforkane.com\/index.php\/wp-json\/wp\/v2\/categories?post=27940"},{"taxonomy":"post_tag","embeddable":true,"href":"https:\/\/www.lejournalduforkane.com\/index.php\/wp-json\/wp\/v2\/tags?post=27940"}],"curies":[{"name":"wp","href":"https:\/\/api.w.org\/{rel}","templated":true}]}}