
{"id":27949,"date":"2022-02-24T11:15:00","date_gmt":"2022-02-24T11:15:00","guid":{"rendered":"https:\/\/www.lejournalduforkane.com\/?p=27949"},"modified":"2022-02-25T11:18:26","modified_gmt":"2022-02-25T11:18:26","slug":"contrairement-a-3-des-4-points-quavaient-annonce-zelensky-il-y-a-quelques-heures","status":"publish","type":"post","link":"https:\/\/www.lejournalduforkane.com\/index.php\/contrairement-a-3-des-4-points-quavaient-annonce-zelensky-il-y-a-quelques-heures\/","title":{"rendered":"Contrairement \u00e0 3 des 4 points qu&rsquo;avaient annonc\u00e9 Zelensky il y a quelques heures&#8230;"},"content":{"rendered":"<div class=\"kvgmc6g5 cxmmr5t8 oygrvhab hcukyx3x c1et5uql ii04i59q\">\n<div dir=\"auto\">Contrairement \u00e0 3 des 4 points qu&rsquo;avaient annonc\u00e9 Zelensky il y a quelques heures :<\/div>\n<div dir=\"auto\">1 &#8211; L&rsquo;Arm\u00e9e de Russie a maintenant bien pris le contr\u00f4le militaire de la centrale nucl\u00e9aire de Tchernobyl&#8230;<\/div>\n<div dir=\"auto\">2 &#8211; L&rsquo;arm\u00e9e ukrainienne ne l&rsquo;a pas d\u00e9fendue plus de quelques heures&#8230;<\/div>\n<div dir=\"auto\">3 &#8211; Et il n&rsquo;y a pas eu de catasteophe nucl\u00e9aire&#8230;<\/div>\n<div dir=\"auto\">4 &#8211; Reste \u00e0 voir si Poutine d\u00e9clarera la guerre \u00e0 l&rsquo;Europe&#8230;<\/div>\n<\/div>\n<div class=\"cxmmr5t8 oygrvhab hcukyx3x c1et5uql o9v6fnle ii04i59q\">\n<div dir=\"auto\">&#8230; ou plut\u00f4t si l&rsquo;Europe r\u00e9ussira \u00e0 se d\u00e9barasser des propagandistes de l&rsquo;<a class=\"oajrlxb2 g5ia77u1 qu0x051f esr5mh6w e9989ue4 r7d6kgcz rq0escxv nhd2j8a9 nc684nl6 p7hjln8o kvgmc6g5 cxmmr5t8 oygrvhab hcukyx3x jb3vyjys rz4wbd8a qt6c0cv9 a8nywdso i1ao9s8h esuyzwwr f1sip0of lzcic4wl gpro0wi8 q66pz984 b1v8xokw\" tabindex=\"0\" role=\"link\" href=\"https:\/\/www.facebook.com\/hashtag\/motan?__eep__=6&amp;__cft__[0]=AZXISYGGA89QULqOqgZjySmCibVtDNNkhDziSeuEeUMamdZs5P884CTr1633LZ-WovUn9yaHkKsdvOUFannd8OzAtqLFXhexGwEJTBYwPFfIrAfzF-u2pn7Xhpl-H543yD10I42SUcf59p4PHyU6fi7_&amp;__tn__=*NK-R\">#mOtan<\/a> !<\/div>\n<\/div>\n<div dir=\"auto\"><\/div>\n<div dir=\"auto\"><img loading=\"lazy\" class=\"alignnone size-full wp-image-27950\" src=\"https:\/\/www.lejournalduforkane.com\/wp-content\/uploads\/2022\/02\/Contrairement-a-3-des-4-points-quavaient-annonce-Zelensky-il-y-a-quelques-heures.jpg\" alt=\"\" width=\"515\" height=\"640\" srcset=\"https:\/\/www.lejournalduforkane.com\/wp-content\/uploads\/2022\/02\/Contrairement-a-3-des-4-points-quavaient-annonce-Zelensky-il-y-a-quelques-heures.jpg 515w, https:\/\/www.lejournalduforkane.com\/wp-content\/uploads\/2022\/02\/Contrairement-a-3-des-4-points-quavaient-annonce-Zelensky-il-y-a-quelques-heures-241x300.jpg 241w\" sizes=\"(max-width: 515px) 100vw, 515px\" \/><\/div>\n","protected":false},"excerpt":{"rendered":"<p>Contrairement \u00e0 3 des 4 points qu&rsquo;avaient annonc\u00e9 Zelensky il y a quelques heures : 1 &#8211; L&rsquo;Arm\u00e9e de Russie a maintenant bien pris le contr\u00f4le militaire de la centrale<\/p>\n","protected":false},"author":2,"featured_media":27950,"comment_status":"closed","ping_status":"open","sticky":false,"template":"","format":"standard","meta":[],"categories":[],"tags":[],"_links":{"self":[{"href":"https:\/\/www.lejournalduforkane.com\/index.php\/wp-json\/wp\/v2\/posts\/27949"}],"collection":[{"href":"https:\/\/www.lejournalduforkane.com\/index.php\/wp-json\/wp\/v2\/posts"}],"about":[{"href":"https:\/\/www.lejournalduforkane.com\/index.php\/wp-json\/wp\/v2\/types\/post"}],"author":[{"embeddable":true,"href":"https:\/\/www.lejournalduforkane.com\/index.php\/wp-json\/wp\/v2\/users\/2"}],"replies":[{"embeddable":true,"href":"https:\/\/www.lejournalduforkane.com\/index.php\/wp-json\/wp\/v2\/comments?post=27949"}],"version-history":[{"count":1,"href":"https:\/\/www.lejournalduforkane.com\/index.php\/wp-json\/wp\/v2\/posts\/27949\/revisions"}],"predecessor-version":[{"id":27951,"href":"https:\/\/www.lejournalduforkane.com\/index.php\/wp-json\/wp\/v2\/posts\/27949\/revisions\/27951"}],"wp:featuredmedia":[{"embeddable":true,"href":"https:\/\/www.lejournalduforkane.com\/index.php\/wp-json\/wp\/v2\/media\/27950"}],"wp:attachment":[{"href":"https:\/\/www.lejournalduforkane.com\/index.php\/wp-json\/wp\/v2\/media?parent=27949"}],"wp:term":[{"taxonomy":"category","embeddable":true,"href":"https:\/\/www.lejournalduforkane.com\/index.php\/wp-json\/wp\/v2\/categories?post=27949"},{"taxonomy":"post_tag","embeddable":true,"href":"https:\/\/www.lejournalduforkane.com\/index.php\/wp-json\/wp\/v2\/tags?post=27949"}],"curies":[{"name":"wp","href":"https:\/\/api.w.org\/{rel}","templated":true}]}}