
{"id":27958,"date":"2022-02-25T18:11:00","date_gmt":"2022-02-25T18:11:00","guid":{"rendered":"https:\/\/www.lejournalduforkane.com\/?p=27958"},"modified":"2022-03-02T18:13:36","modified_gmt":"2022-03-02T18:13:36","slug":"des-israeliens-manifestent-contre-loccupation-russe-de-lukraine","status":"publish","type":"post","link":"https:\/\/www.lejournalduforkane.com\/index.php\/des-israeliens-manifestent-contre-loccupation-russe-de-lukraine\/","title":{"rendered":"Des Isra\u00e9liens manifestent contre \u00ab\u00a0l&rsquo;occupation russe de l&rsquo;Ukraine\u00a0\u00bb"},"content":{"rendered":"<div class=\"kvgmc6g5 cxmmr5t8 oygrvhab hcukyx3x c1et5uql ii04i59q\">\n<div dir=\"auto\">Des Isra\u00e9liens manifestent contre \u00ab\u00a0l&rsquo;occupation russe de l&rsquo;Ukraine\u00a0\u00bb.<\/div>\n<\/div>\n<div class=\"cxmmr5t8 oygrvhab hcukyx3x c1et5uql o9v6fnle ii04i59q\">\n<div dir=\"auto\">Symbole parfait de l&rsquo;hypocrisie imp\u00e9riale occidentale : les colons isra\u00e9liens condamnant la Russie alors que leur propre r\u00e9gime commet un nettoyage ethnique contre la population palestinienne indig\u00e8ne.<\/div>\n<\/div>\n\n\n<iframe loading=\"lazy\" src=\"https:\/\/www.facebook.com\/plugins\/video.php?height=476&#038;href=https%3A%2F%2Fwww.facebook.com%2Fle.journal.du.forqane%2Fvideos%2F7893881403962646%2F&#038;show_text=false&#038;width=385&#038;t=0\" width=\"385\" height=\"476\" style=\"border:none;overflow:hidden\" scrolling=\"no\" frameborder=\"0\" allowfullscreen=\"true\" allow=\"autoplay; clipboard-write; encrypted-media; picture-in-picture; web-share\" allowFullScreen=\"true\"><\/iframe>\n","protected":false},"excerpt":{"rendered":"<p>Des Isra\u00e9liens manifestent contre \u00ab\u00a0l&rsquo;occupation russe de l&rsquo;Ukraine\u00a0\u00bb. Symbole parfait de l&rsquo;hypocrisie imp\u00e9riale occidentale : les colons isra\u00e9liens condamnant la Russie alors que leur propre r\u00e9gime commet un nettoyage ethnique<\/p>\n","protected":false},"author":2,"featured_media":27959,"comment_status":"closed","ping_status":"open","sticky":false,"template":"","format":"standard","meta":[],"categories":[],"tags":[],"_links":{"self":[{"href":"https:\/\/www.lejournalduforkane.com\/index.php\/wp-json\/wp\/v2\/posts\/27958"}],"collection":[{"href":"https:\/\/www.lejournalduforkane.com\/index.php\/wp-json\/wp\/v2\/posts"}],"about":[{"href":"https:\/\/www.lejournalduforkane.com\/index.php\/wp-json\/wp\/v2\/types\/post"}],"author":[{"embeddable":true,"href":"https:\/\/www.lejournalduforkane.com\/index.php\/wp-json\/wp\/v2\/users\/2"}],"replies":[{"embeddable":true,"href":"https:\/\/www.lejournalduforkane.com\/index.php\/wp-json\/wp\/v2\/comments?post=27958"}],"version-history":[{"count":1,"href":"https:\/\/www.lejournalduforkane.com\/index.php\/wp-json\/wp\/v2\/posts\/27958\/revisions"}],"predecessor-version":[{"id":27960,"href":"https:\/\/www.lejournalduforkane.com\/index.php\/wp-json\/wp\/v2\/posts\/27958\/revisions\/27960"}],"wp:featuredmedia":[{"embeddable":true,"href":"https:\/\/www.lejournalduforkane.com\/index.php\/wp-json\/wp\/v2\/media\/27959"}],"wp:attachment":[{"href":"https:\/\/www.lejournalduforkane.com\/index.php\/wp-json\/wp\/v2\/media?parent=27958"}],"wp:term":[{"taxonomy":"category","embeddable":true,"href":"https:\/\/www.lejournalduforkane.com\/index.php\/wp-json\/wp\/v2\/categories?post=27958"},{"taxonomy":"post_tag","embeddable":true,"href":"https:\/\/www.lejournalduforkane.com\/index.php\/wp-json\/wp\/v2\/tags?post=27958"}],"curies":[{"name":"wp","href":"https:\/\/api.w.org\/{rel}","templated":true}]}}