
{"id":27984,"date":"2022-03-02T18:29:46","date_gmt":"2022-03-02T18:29:46","guid":{"rendered":"https:\/\/www.lejournalduforkane.com\/?p=27984"},"modified":"2022-03-02T18:29:48","modified_gmt":"2022-03-02T18:29:48","slug":"la-liberte-defendue-a-coups-de-censure","status":"publish","type":"post","link":"https:\/\/www.lejournalduforkane.com\/index.php\/la-liberte-defendue-a-coups-de-censure\/","title":{"rendered":"La libert\u00e9 d\u00e9fendue \u00e0 coups de censure."},"content":{"rendered":"<div class=\"kvgmc6g5 cxmmr5t8 oygrvhab hcukyx3x c1et5uql\">\n<div dir=\"auto\">Ces images d\u00e9j\u00e0 interdites en UE sur toutes les autres plateformes seront bient\u00f4t interdites sur Twitter.<\/div>\n<\/div>\n<div class=\"cxmmr5t8 oygrvhab hcukyx3x c1et5uql o9v6fnle\">\n<div dir=\"auto\">La version de l&rsquo;autre c\u00f4t\u00e9 de la ligne de front. Ce sont des maisons d\u00e9truites et des civils tu\u00e9s par les forces arm\u00e9es ukrainiennes.<\/div>\n<\/div>\n<div class=\"cxmmr5t8 oygrvhab hcukyx3x c1et5uql o9v6fnle\">\n<div dir=\"auto\">La libert\u00e9 d\u00e9fendue \u00e0 coups de censure.<\/div>\n<\/div>\n\n\n<iframe loading=\"lazy\" src=\"https:\/\/www.facebook.com\/plugins\/video.php?height=314&#038;href=https%3A%2F%2Fwww.facebook.com%2Fle.journal.du.forqane%2Fvideos%2F520761179407205%2F&#038;show_text=false&#038;width=560&#038;t=0\" width=\"560\" height=\"314\" style=\"border:none;overflow:hidden\" scrolling=\"no\" frameborder=\"0\" allowfullscreen=\"true\" allow=\"autoplay; clipboard-write; encrypted-media; picture-in-picture; web-share\" allowFullScreen=\"true\"><\/iframe>\n","protected":false},"excerpt":{"rendered":"<p>Ces images d\u00e9j\u00e0 interdites en UE sur toutes les autres plateformes seront bient\u00f4t interdites sur Twitter. La version de l&rsquo;autre c\u00f4t\u00e9 de la ligne de front. Ce sont des maisons<\/p>\n","protected":false},"author":2,"featured_media":27985,"comment_status":"closed","ping_status":"open","sticky":false,"template":"","format":"standard","meta":[],"categories":[],"tags":[],"_links":{"self":[{"href":"https:\/\/www.lejournalduforkane.com\/index.php\/wp-json\/wp\/v2\/posts\/27984"}],"collection":[{"href":"https:\/\/www.lejournalduforkane.com\/index.php\/wp-json\/wp\/v2\/posts"}],"about":[{"href":"https:\/\/www.lejournalduforkane.com\/index.php\/wp-json\/wp\/v2\/types\/post"}],"author":[{"embeddable":true,"href":"https:\/\/www.lejournalduforkane.com\/index.php\/wp-json\/wp\/v2\/users\/2"}],"replies":[{"embeddable":true,"href":"https:\/\/www.lejournalduforkane.com\/index.php\/wp-json\/wp\/v2\/comments?post=27984"}],"version-history":[{"count":1,"href":"https:\/\/www.lejournalduforkane.com\/index.php\/wp-json\/wp\/v2\/posts\/27984\/revisions"}],"predecessor-version":[{"id":27986,"href":"https:\/\/www.lejournalduforkane.com\/index.php\/wp-json\/wp\/v2\/posts\/27984\/revisions\/27986"}],"wp:featuredmedia":[{"embeddable":true,"href":"https:\/\/www.lejournalduforkane.com\/index.php\/wp-json\/wp\/v2\/media\/27985"}],"wp:attachment":[{"href":"https:\/\/www.lejournalduforkane.com\/index.php\/wp-json\/wp\/v2\/media?parent=27984"}],"wp:term":[{"taxonomy":"category","embeddable":true,"href":"https:\/\/www.lejournalduforkane.com\/index.php\/wp-json\/wp\/v2\/categories?post=27984"},{"taxonomy":"post_tag","embeddable":true,"href":"https:\/\/www.lejournalduforkane.com\/index.php\/wp-json\/wp\/v2\/tags?post=27984"}],"curies":[{"name":"wp","href":"https:\/\/api.w.org\/{rel}","templated":true}]}}