
{"id":28049,"date":"2022-03-08T18:16:00","date_gmt":"2022-03-08T18:16:00","guid":{"rendered":"https:\/\/www.lejournalduforkane.com\/?p=28049"},"modified":"2022-03-09T18:18:48","modified_gmt":"2022-03-09T18:18:48","slug":"guerre-en-ukraine-lue-prend-le-pakistan-pour-leur-esclave-imran-khan-premier-ministre-leur-repond","status":"publish","type":"post","link":"https:\/\/www.lejournalduforkane.com\/index.php\/guerre-en-ukraine-lue-prend-le-pakistan-pour-leur-esclave-imran-khan-premier-ministre-leur-repond\/","title":{"rendered":"Guerre en Ukraine, l\u2019UE prend le Pakistan pour leur esclave. Imran Khan, Premier ministre leur r\u00e9pond."},"content":{"rendered":"<div class=\"kvgmc6g5 cxmmr5t8 oygrvhab hcukyx3x c1et5uql ii04i59q\">\n<div dir=\"auto\" style=\"text-align: justify;\">Guerre en Ukraine, l\u2019UE prend le Pakistan pour leur esclave. Imran Khan, Premier ministre leur r\u00e9pond.<\/div>\n<div dir=\"auto\" style=\"text-align: justify;\">\u00a0<\/div>\n<\/div>\n<div class=\"cxmmr5t8 oygrvhab hcukyx3x c1et5uql o9v6fnle ii04i59q\" style=\"text-align: justify;\">\n<div dir=\"auto\">Dans une lettre adress\u00e9e au minist\u00e8re pakistanais des Affaires \u00e9trang\u00e8res, pr\u00e8s de 20 ambassadeurs de l\u2019Union europ\u00e9enne ont ordonn\u00e9 \u00e0 Islamabad de voter contre la Russie lors d\u2019une session sp\u00e9ciale de l\u2019Assembl\u00e9e g\u00e9n\u00e9rale des Nations Unies sur l\u2019op\u00e9ration militaire en Ukraine. Le Premier Ministre du Pakistan leur r\u00e9pond : \u00ab Are we your slaves to do whatever you say ?\u00bb<\/div>\n<div dir=\"auto\">\u00a0<\/div>\n<\/div>\n<div class=\"cxmmr5t8 oygrvhab hcukyx3x c1et5uql o9v6fnle ii04i59q\">\n<div dir=\"auto\" style=\"text-align: justify;\">Les gouvernements europ\u00e9ens et Occidentaux sont des racistes et supr\u00e9matistes ; ils voient les autres pays, notamment arabes et musulmans comme des sous hommes arri\u00e9r\u00e9s. Ainsi suite \u00e0 cette demande grotesque, le Premier Ministre Imran Khan leur a r\u00e9torqu\u00e9s \u00ab Sommes-nous vos esclaves ? \u00bb.<\/div>\n<div dir=\"auto\" style=\"text-align: justify;\">\u00a0<\/div>\n<div dir=\"auto\" style=\"text-align: justify;\">Dans un discours prononc\u00e9 par le Premier ministre pakistanais lors d\u2019un rassemblement dans le quartier de Vihari en pr\u00e9sence des ambassadeurs de l\u2019Union europ\u00e9enne, il a d\u00e9nonc\u00e9 leur comportement en ces termes : \u00ab Pourquoi, lorsque l\u2019Inde a viol\u00e9 les lois internationales au Cachemire occup\u00e9, aucun d\u2019entre vous n\u2019a-t-il rompu ses liens avec l\u2019Inde ou arr\u00eat\u00e9 le commerce avec ce pays ? \u00bb. Rappelant les massacres en Afghanistan sous couverts de lutte anti-terroriste, il a ajout\u00e9 : \u00ab Qu\u2019avons-nous gagn\u00e9 de notre soutien \u00e0 l\u2019OTAN en Afghanistan, \u00e0 part la perte de 80 000 vies et de 150 milliards de dollars ? L\u2019OTAN a-t-elle reconnu nos sacrifices ? Les ambassadeurs de l\u2019UE ont-ils jamais \u00e9crit une lettre louant nos efforts en Afghanistan ? En revanche, le Pakistan a \u00e9t\u00e9 bl\u00e2m\u00e9 pour l\u2019\u00e9chec de l\u2019OTAN en Afghanistan \u00bb.<\/div>\n<div dir=\"auto\" style=\"text-align: justify;\">\u00a0<\/div>\n<div dir=\"auto\" style=\"text-align: justify;\">Ces occidentaux sont de vrais salauds ! Et leur arrogance aujourd\u2019hui est aujourd\u2019hui manifeste. Il se permette tout, mais, comme disait Corneille \u00ab Qui peut tout, doit tout craindre ! \u00bb.<\/div>\n<\/div>\n\n\n<figure class=\"wp-block-embed is-type-video is-provider-youtube wp-block-embed-youtube wp-embed-aspect-16-9 wp-has-aspect-ratio\"><div class=\"wp-block-embed__wrapper\">\n<iframe loading=\"lazy\" title=\"Imran khan slams US and EU over Ukraine\u201cWhat are we? Are we your slaves? Do we do what you say?\u201d\" width=\"500\" height=\"281\" src=\"https:\/\/www.youtube.com\/embed\/jfXsptg8ZuM?feature=oembed\" frameborder=\"0\" allow=\"accelerometer; autoplay; clipboard-write; encrypted-media; gyroscope; picture-in-picture\" allowfullscreen><\/iframe>\n<\/div><\/figure>\n","protected":false},"excerpt":{"rendered":"<p>Guerre en Ukraine, l\u2019UE prend le Pakistan pour leur esclave. Imran Khan, Premier ministre leur r\u00e9pond. \u00a0 Dans une lettre adress\u00e9e au minist\u00e8re pakistanais des Affaires \u00e9trang\u00e8res, pr\u00e8s de 20<\/p>\n","protected":false},"author":2,"featured_media":28050,"comment_status":"closed","ping_status":"open","sticky":false,"template":"","format":"standard","meta":[],"categories":[],"tags":[],"_links":{"self":[{"href":"https:\/\/www.lejournalduforkane.com\/index.php\/wp-json\/wp\/v2\/posts\/28049"}],"collection":[{"href":"https:\/\/www.lejournalduforkane.com\/index.php\/wp-json\/wp\/v2\/posts"}],"about":[{"href":"https:\/\/www.lejournalduforkane.com\/index.php\/wp-json\/wp\/v2\/types\/post"}],"author":[{"embeddable":true,"href":"https:\/\/www.lejournalduforkane.com\/index.php\/wp-json\/wp\/v2\/users\/2"}],"replies":[{"embeddable":true,"href":"https:\/\/www.lejournalduforkane.com\/index.php\/wp-json\/wp\/v2\/comments?post=28049"}],"version-history":[{"count":1,"href":"https:\/\/www.lejournalduforkane.com\/index.php\/wp-json\/wp\/v2\/posts\/28049\/revisions"}],"predecessor-version":[{"id":28051,"href":"https:\/\/www.lejournalduforkane.com\/index.php\/wp-json\/wp\/v2\/posts\/28049\/revisions\/28051"}],"wp:featuredmedia":[{"embeddable":true,"href":"https:\/\/www.lejournalduforkane.com\/index.php\/wp-json\/wp\/v2\/media\/28050"}],"wp:attachment":[{"href":"https:\/\/www.lejournalduforkane.com\/index.php\/wp-json\/wp\/v2\/media?parent=28049"}],"wp:term":[{"taxonomy":"category","embeddable":true,"href":"https:\/\/www.lejournalduforkane.com\/index.php\/wp-json\/wp\/v2\/categories?post=28049"},{"taxonomy":"post_tag","embeddable":true,"href":"https:\/\/www.lejournalduforkane.com\/index.php\/wp-json\/wp\/v2\/tags?post=28049"}],"curies":[{"name":"wp","href":"https:\/\/api.w.org\/{rel}","templated":true}]}}