
{"id":28084,"date":"2022-03-12T17:08:00","date_gmt":"2022-03-12T17:08:00","guid":{"rendered":"https:\/\/www.lejournalduforkane.com\/?p=28084"},"modified":"2022-03-14T17:09:46","modified_gmt":"2022-03-14T17:09:46","slug":"le-satellite-militaire-iranien-nour2-de-la-preparation-a-la-reception-de-donnees","status":"publish","type":"post","link":"https:\/\/www.lejournalduforkane.com\/index.php\/le-satellite-militaire-iranien-nour2-de-la-preparation-a-la-reception-de-donnees\/","title":{"rendered":"Le satellite militaire iranien nour2.. de la pr\u00e9paration \u00e0 la r\u00e9ception de donn\u00e9es&#8230;"},"content":{"rendered":"\n<figure class=\"wp-block-embed is-type-video is-provider-youtube wp-block-embed-youtube wp-embed-aspect-16-9 wp-has-aspect-ratio\"><div class=\"wp-block-embed__wrapper\">\n<iframe loading=\"lazy\" title=\"NOUR-2 Satellite launch: from preparation to receiving data\" width=\"500\" height=\"281\" src=\"https:\/\/www.youtube.com\/embed\/yY6cxF7ovD8?feature=oembed\" frameborder=\"0\" allow=\"accelerometer; autoplay; clipboard-write; encrypted-media; gyroscope; picture-in-picture\" allowfullscreen><\/iframe>\n<\/div><\/figure>\n","protected":false},"excerpt":{"rendered":"https:\/\/www.youtube.com\/watch?v=yY6cxF7ovD8&amp;feature=share&amp;fbclid=IwAR2__4kbOHozpuS-xpLV9vaA3J188MyF6EHqLHnr1zcPPWi70947trzyiAU","protected":false},"author":2,"featured_media":28085,"comment_status":"closed","ping_status":"open","sticky":false,"template":"","format":"standard","meta":[],"categories":[],"tags":[],"_links":{"self":[{"href":"https:\/\/www.lejournalduforkane.com\/index.php\/wp-json\/wp\/v2\/posts\/28084"}],"collection":[{"href":"https:\/\/www.lejournalduforkane.com\/index.php\/wp-json\/wp\/v2\/posts"}],"about":[{"href":"https:\/\/www.lejournalduforkane.com\/index.php\/wp-json\/wp\/v2\/types\/post"}],"author":[{"embeddable":true,"href":"https:\/\/www.lejournalduforkane.com\/index.php\/wp-json\/wp\/v2\/users\/2"}],"replies":[{"embeddable":true,"href":"https:\/\/www.lejournalduforkane.com\/index.php\/wp-json\/wp\/v2\/comments?post=28084"}],"version-history":[{"count":1,"href":"https:\/\/www.lejournalduforkane.com\/index.php\/wp-json\/wp\/v2\/posts\/28084\/revisions"}],"predecessor-version":[{"id":28086,"href":"https:\/\/www.lejournalduforkane.com\/index.php\/wp-json\/wp\/v2\/posts\/28084\/revisions\/28086"}],"wp:featuredmedia":[{"embeddable":true,"href":"https:\/\/www.lejournalduforkane.com\/index.php\/wp-json\/wp\/v2\/media\/28085"}],"wp:attachment":[{"href":"https:\/\/www.lejournalduforkane.com\/index.php\/wp-json\/wp\/v2\/media?parent=28084"}],"wp:term":[{"taxonomy":"category","embeddable":true,"href":"https:\/\/www.lejournalduforkane.com\/index.php\/wp-json\/wp\/v2\/categories?post=28084"},{"taxonomy":"post_tag","embeddable":true,"href":"https:\/\/www.lejournalduforkane.com\/index.php\/wp-json\/wp\/v2\/tags?post=28084"}],"curies":[{"name":"wp","href":"https:\/\/api.w.org\/{rel}","templated":true}]}}