
{"id":28126,"date":"2022-03-15T18:16:00","date_gmt":"2022-03-15T18:16:00","guid":{"rendered":"https:\/\/www.lejournalduforkane.com\/?p=28126"},"modified":"2022-03-16T18:17:53","modified_gmt":"2022-03-16T18:17:53","slug":"la-russie-et-liran-ont-exprime-leur-volonte-de-signer-prochainement-un-accord-sur-des-relations-bilaterales","status":"publish","type":"post","link":"https:\/\/www.lejournalduforkane.com\/index.php\/la-russie-et-liran-ont-exprime-leur-volonte-de-signer-prochainement-un-accord-sur-des-relations-bilaterales\/","title":{"rendered":"La Russie et l&rsquo;Iran ont exprim\u00e9 leur volont\u00e9 de signer prochainement un accord sur des relations bilat\u00e9rales"},"content":{"rendered":"\n\n\n<iframe loading=\"lazy\" src=\"https:\/\/www.facebook.com\/plugins\/video.php?height=314&#038;href=https%3A%2F%2Fwww.facebook.com%2Fle.journal.du.forqane%2Fvideos%2F551939629434339%2F&#038;show_text=false&#038;width=560&#038;t=0\" width=\"560\" height=\"314\" style=\"border:none;overflow:hidden\" scrolling=\"no\" frameborder=\"0\" allowfullscreen=\"true\" allow=\"autoplay; clipboard-write; encrypted-media; picture-in-picture; web-share\" allowFullScreen=\"true\"><\/iframe>\n","protected":false},"excerpt":{"rendered":"","protected":false},"author":2,"featured_media":28127,"comment_status":"closed","ping_status":"open","sticky":false,"template":"","format":"standard","meta":[],"categories":[],"tags":[],"_links":{"self":[{"href":"https:\/\/www.lejournalduforkane.com\/index.php\/wp-json\/wp\/v2\/posts\/28126"}],"collection":[{"href":"https:\/\/www.lejournalduforkane.com\/index.php\/wp-json\/wp\/v2\/posts"}],"about":[{"href":"https:\/\/www.lejournalduforkane.com\/index.php\/wp-json\/wp\/v2\/types\/post"}],"author":[{"embeddable":true,"href":"https:\/\/www.lejournalduforkane.com\/index.php\/wp-json\/wp\/v2\/users\/2"}],"replies":[{"embeddable":true,"href":"https:\/\/www.lejournalduforkane.com\/index.php\/wp-json\/wp\/v2\/comments?post=28126"}],"version-history":[{"count":1,"href":"https:\/\/www.lejournalduforkane.com\/index.php\/wp-json\/wp\/v2\/posts\/28126\/revisions"}],"predecessor-version":[{"id":28128,"href":"https:\/\/www.lejournalduforkane.com\/index.php\/wp-json\/wp\/v2\/posts\/28126\/revisions\/28128"}],"wp:featuredmedia":[{"embeddable":true,"href":"https:\/\/www.lejournalduforkane.com\/index.php\/wp-json\/wp\/v2\/media\/28127"}],"wp:attachment":[{"href":"https:\/\/www.lejournalduforkane.com\/index.php\/wp-json\/wp\/v2\/media?parent=28126"}],"wp:term":[{"taxonomy":"category","embeddable":true,"href":"https:\/\/www.lejournalduforkane.com\/index.php\/wp-json\/wp\/v2\/categories?post=28126"},{"taxonomy":"post_tag","embeddable":true,"href":"https:\/\/www.lejournalduforkane.com\/index.php\/wp-json\/wp\/v2\/tags?post=28126"}],"curies":[{"name":"wp","href":"https:\/\/api.w.org\/{rel}","templated":true}]}}