
{"id":28129,"date":"2022-03-15T18:18:00","date_gmt":"2022-03-15T18:18:00","guid":{"rendered":"https:\/\/www.lejournalduforkane.com\/?p=28129"},"modified":"2022-03-16T18:20:03","modified_gmt":"2022-03-16T18:20:03","slug":"nouvelles-images-du-bombardement-des-gardiens-de-la-revolution-sur-des-positions-despionnage-du-regime-sioniste-4-morts","status":"publish","type":"post","link":"https:\/\/www.lejournalduforkane.com\/index.php\/nouvelles-images-du-bombardement-des-gardiens-de-la-revolution-sur-des-positions-despionnage-du-regime-sioniste-4-morts\/","title":{"rendered":"Nouvelles images du bombardement des Gardiens de la R\u00e9volution sur des positions d&rsquo;espionnage du r\u00e9gime sioniste 4 morts&#8230;"},"content":{"rendered":"<div class=\"kvgmc6g5 cxmmr5t8 oygrvhab hcukyx3x c1et5uql\">\n<div dir=\"auto\">Nouvelles images du bombardement des Gardiens de la R\u00e9volution\u00a0sur des positions d&rsquo;espionnage du r\u00e9gime sioniste<\/div>\n<\/div>\n<div class=\"cxmmr5t8 oygrvhab hcukyx3x c1et5uql o9v6fnle\">\n<div dir=\"auto\">4 morts&#8230; 7 bless\u00e9s dont 4 dans un \u00e9tat critique&#8230;<\/div>\n<\/div>\n\n\n<iframe loading=\"lazy\" src=\"https:\/\/www.facebook.com\/plugins\/video.php?height=316&#038;href=https%3A%2F%2Fwww.facebook.com%2Fle.journal.du.forqane%2Fvideos%2F1967371793450855%2F&#038;show_text=false&#038;width=560&#038;t=0\" width=\"560\" height=\"316\" style=\"border:none;overflow:hidden\" scrolling=\"no\" frameborder=\"0\" allowfullscreen=\"true\" allow=\"autoplay; clipboard-write; encrypted-media; picture-in-picture; web-share\" allowFullScreen=\"true\"><\/iframe>\n","protected":false},"excerpt":{"rendered":"<p>Nouvelles images du bombardement des Gardiens de la R\u00e9volution\u00a0sur des positions d&rsquo;espionnage du r\u00e9gime sioniste 4 morts&#8230; 7 bless\u00e9s dont 4 dans un \u00e9tat critique&#8230;<\/p>\n","protected":false},"author":2,"featured_media":28130,"comment_status":"closed","ping_status":"open","sticky":false,"template":"","format":"standard","meta":[],"categories":[],"tags":[],"_links":{"self":[{"href":"https:\/\/www.lejournalduforkane.com\/index.php\/wp-json\/wp\/v2\/posts\/28129"}],"collection":[{"href":"https:\/\/www.lejournalduforkane.com\/index.php\/wp-json\/wp\/v2\/posts"}],"about":[{"href":"https:\/\/www.lejournalduforkane.com\/index.php\/wp-json\/wp\/v2\/types\/post"}],"author":[{"embeddable":true,"href":"https:\/\/www.lejournalduforkane.com\/index.php\/wp-json\/wp\/v2\/users\/2"}],"replies":[{"embeddable":true,"href":"https:\/\/www.lejournalduforkane.com\/index.php\/wp-json\/wp\/v2\/comments?post=28129"}],"version-history":[{"count":1,"href":"https:\/\/www.lejournalduforkane.com\/index.php\/wp-json\/wp\/v2\/posts\/28129\/revisions"}],"predecessor-version":[{"id":28131,"href":"https:\/\/www.lejournalduforkane.com\/index.php\/wp-json\/wp\/v2\/posts\/28129\/revisions\/28131"}],"wp:featuredmedia":[{"embeddable":true,"href":"https:\/\/www.lejournalduforkane.com\/index.php\/wp-json\/wp\/v2\/media\/28130"}],"wp:attachment":[{"href":"https:\/\/www.lejournalduforkane.com\/index.php\/wp-json\/wp\/v2\/media?parent=28129"}],"wp:term":[{"taxonomy":"category","embeddable":true,"href":"https:\/\/www.lejournalduforkane.com\/index.php\/wp-json\/wp\/v2\/categories?post=28129"},{"taxonomy":"post_tag","embeddable":true,"href":"https:\/\/www.lejournalduforkane.com\/index.php\/wp-json\/wp\/v2\/tags?post=28129"}],"curies":[{"name":"wp","href":"https:\/\/api.w.org\/{rel}","templated":true}]}}