
{"id":28213,"date":"2022-04-04T17:19:00","date_gmt":"2022-04-04T17:19:00","guid":{"rendered":"https:\/\/www.lejournalduforkane.com\/?p=28213"},"modified":"2022-04-06T17:21:14","modified_gmt":"2022-04-06T17:21:14","slug":"le-deuxieme-jour-du-ramadan-les-forces-doccupation-israeliennes-attaquent-brutalement-les-palestiniens-dans-le-quartier-de-bab-al-amoud-a-al-quds-jerusalem-occupee","status":"publish","type":"post","link":"https:\/\/www.lejournalduforkane.com\/index.php\/le-deuxieme-jour-du-ramadan-les-forces-doccupation-israeliennes-attaquent-brutalement-les-palestiniens-dans-le-quartier-de-bab-al-amoud-a-al-quds-jerusalem-occupee\/","title":{"rendered":"Le deuxi\u00e8me jour du Ramadan, les forces d&rsquo;occupation isra\u00e9liennes attaquent brutalement les Palestiniens dans le quartier de Bab Al-Amoud \u00e0 Al-Quds (J\u00e9rusalem) occup\u00e9e."},"content":{"rendered":"\n\n\n<iframe loading=\"lazy\" src=\"https:\/\/www.facebook.com\/plugins\/video.php?height=374&#038;href=https%3A%2F%2Fwww.facebook.com%2Fle.journal.du.forqane%2Fvideos%2F959250901316794%2F&#038;show_text=false&#038;width=560&#038;t=0\" width=\"560\" height=\"374\" style=\"border:none;overflow:hidden\" scrolling=\"no\" frameborder=\"0\" allowfullscreen=\"true\" allow=\"autoplay; clipboard-write; encrypted-media; picture-in-picture; web-share\" allowFullScreen=\"true\"><\/iframe>\n","protected":false},"excerpt":{"rendered":"","protected":false},"author":2,"featured_media":28214,"comment_status":"closed","ping_status":"open","sticky":false,"template":"","format":"standard","meta":[],"categories":[],"tags":[],"_links":{"self":[{"href":"https:\/\/www.lejournalduforkane.com\/index.php\/wp-json\/wp\/v2\/posts\/28213"}],"collection":[{"href":"https:\/\/www.lejournalduforkane.com\/index.php\/wp-json\/wp\/v2\/posts"}],"about":[{"href":"https:\/\/www.lejournalduforkane.com\/index.php\/wp-json\/wp\/v2\/types\/post"}],"author":[{"embeddable":true,"href":"https:\/\/www.lejournalduforkane.com\/index.php\/wp-json\/wp\/v2\/users\/2"}],"replies":[{"embeddable":true,"href":"https:\/\/www.lejournalduforkane.com\/index.php\/wp-json\/wp\/v2\/comments?post=28213"}],"version-history":[{"count":1,"href":"https:\/\/www.lejournalduforkane.com\/index.php\/wp-json\/wp\/v2\/posts\/28213\/revisions"}],"predecessor-version":[{"id":28215,"href":"https:\/\/www.lejournalduforkane.com\/index.php\/wp-json\/wp\/v2\/posts\/28213\/revisions\/28215"}],"wp:featuredmedia":[{"embeddable":true,"href":"https:\/\/www.lejournalduforkane.com\/index.php\/wp-json\/wp\/v2\/media\/28214"}],"wp:attachment":[{"href":"https:\/\/www.lejournalduforkane.com\/index.php\/wp-json\/wp\/v2\/media?parent=28213"}],"wp:term":[{"taxonomy":"category","embeddable":true,"href":"https:\/\/www.lejournalduforkane.com\/index.php\/wp-json\/wp\/v2\/categories?post=28213"},{"taxonomy":"post_tag","embeddable":true,"href":"https:\/\/www.lejournalduforkane.com\/index.php\/wp-json\/wp\/v2\/tags?post=28213"}],"curies":[{"name":"wp","href":"https:\/\/api.w.org\/{rel}","templated":true}]}}