
{"id":28243,"date":"2022-04-08T10:32:00","date_gmt":"2022-04-08T10:32:00","guid":{"rendered":"https:\/\/www.lejournalduforkane.com\/?p=28243"},"modified":"2022-04-13T10:34:57","modified_gmt":"2022-04-13T10:34:57","slug":"ami-ashed-commandant-du-district-de-tel-aviv-nous-navons-aucune-idee-de-qui-est-le-tireur-et-nous-ne-savons-pas-dou-il-vient","status":"publish","type":"post","link":"https:\/\/www.lejournalduforkane.com\/index.php\/ami-ashed-commandant-du-district-de-tel-aviv-nous-navons-aucune-idee-de-qui-est-le-tireur-et-nous-ne-savons-pas-dou-il-vient\/","title":{"rendered":"Ami Ashed, Commandant du district de Tel-Aviv : Nous n&rsquo;avons aucune id\u00e9e de qui est le tireur, et nous ne savons pas d&rsquo;o\u00f9 il vient."},"content":{"rendered":"<div class=\"kvgmc6g5 cxmmr5t8 oygrvhab hcukyx3x c1et5uql ii04i59q\">\n<div dir=\"auto\">Ami Ashed, Commandant du district de Tel-Aviv : Nous n&rsquo;avons aucune id\u00e9e de qui est le tireur, et nous ne savons pas d&rsquo;o\u00f9 il vient.<\/div>\n<\/div>\n<div class=\"cxmmr5t8 oygrvhab hcukyx3x c1et5uql o9v6fnle ii04i59q\">\n<div dir=\"auto\">Isra\u00ebl est plus fragile qu&rsquo;une toile d&rsquo;araign\u00e9e qu&rsquo;on vous dit&#8230;<\/div>\n<\/div>\n\n\n<iframe loading=\"lazy\" src=\"https:\/\/www.facebook.com\/plugins\/video.php?height=476&#038;href=https%3A%2F%2Fwww.facebook.com%2Fle.journal.du.forqane%2Fvideos%2F674326637017550%2F&#038;show_text=false&#038;width=297&#038;t=0\" width=\"297\" height=\"476\" style=\"border:none;overflow:hidden\" scrolling=\"no\" frameborder=\"0\" allowfullscreen=\"true\" allow=\"autoplay; clipboard-write; encrypted-media; picture-in-picture; web-share\" allowFullScreen=\"true\"><\/iframe>\n","protected":false},"excerpt":{"rendered":"<p>Ami Ashed, Commandant du district de Tel-Aviv : Nous n&rsquo;avons aucune id\u00e9e de qui est le tireur, et nous ne savons pas d&rsquo;o\u00f9 il vient. Isra\u00ebl est plus fragile qu&rsquo;une<\/p>\n","protected":false},"author":2,"featured_media":28244,"comment_status":"closed","ping_status":"open","sticky":false,"template":"","format":"standard","meta":[],"categories":[],"tags":[],"_links":{"self":[{"href":"https:\/\/www.lejournalduforkane.com\/index.php\/wp-json\/wp\/v2\/posts\/28243"}],"collection":[{"href":"https:\/\/www.lejournalduforkane.com\/index.php\/wp-json\/wp\/v2\/posts"}],"about":[{"href":"https:\/\/www.lejournalduforkane.com\/index.php\/wp-json\/wp\/v2\/types\/post"}],"author":[{"embeddable":true,"href":"https:\/\/www.lejournalduforkane.com\/index.php\/wp-json\/wp\/v2\/users\/2"}],"replies":[{"embeddable":true,"href":"https:\/\/www.lejournalduforkane.com\/index.php\/wp-json\/wp\/v2\/comments?post=28243"}],"version-history":[{"count":1,"href":"https:\/\/www.lejournalduforkane.com\/index.php\/wp-json\/wp\/v2\/posts\/28243\/revisions"}],"predecessor-version":[{"id":28245,"href":"https:\/\/www.lejournalduforkane.com\/index.php\/wp-json\/wp\/v2\/posts\/28243\/revisions\/28245"}],"wp:featuredmedia":[{"embeddable":true,"href":"https:\/\/www.lejournalduforkane.com\/index.php\/wp-json\/wp\/v2\/media\/28244"}],"wp:attachment":[{"href":"https:\/\/www.lejournalduforkane.com\/index.php\/wp-json\/wp\/v2\/media?parent=28243"}],"wp:term":[{"taxonomy":"category","embeddable":true,"href":"https:\/\/www.lejournalduforkane.com\/index.php\/wp-json\/wp\/v2\/categories?post=28243"},{"taxonomy":"post_tag","embeddable":true,"href":"https:\/\/www.lejournalduforkane.com\/index.php\/wp-json\/wp\/v2\/tags?post=28243"}],"curies":[{"name":"wp","href":"https:\/\/api.w.org\/{rel}","templated":true}]}}