
{"id":28272,"date":"2022-04-19T17:23:00","date_gmt":"2022-04-19T17:23:00","guid":{"rendered":"https:\/\/www.lejournalduforkane.com\/?p=28272"},"modified":"2022-04-20T17:26:16","modified_gmt":"2022-04-20T17:26:16","slug":"emeutes-en-suede-suite-a-la-menace-de-groupuscules-dextreme-droite-de-bruler-le-coran","status":"publish","type":"post","link":"https:\/\/www.lejournalduforkane.com\/index.php\/emeutes-en-suede-suite-a-la-menace-de-groupuscules-dextreme-droite-de-bruler-le-coran\/","title":{"rendered":"\u00c9meutes en Su\u00e8de suite \u00e0 la menace de groupuscules d&rsquo;extr\u00eame droite de br\u00fbler le Coran"},"content":{"rendered":"\n<figure class=\"wp-block-embed is-type-video is-provider-tiktok wp-block-embed-tiktok\"><div class=\"wp-block-embed__wrapper\">\n<blockquote class=\"tiktok-embed\" cite=\"https:\/\/www.tiktok.com\/@officialrobertcarter\/video\/7087654205858516230\" data-video-id=\"7087654205858516230\" style=\"max-width: 605px;min-width: 325px;\" > <section> <a target=\"_blank\" title=\"@officialrobertcarter\" href=\"https:\/\/www.tiktok.com\/@officialrobertcarter\">@officialrobertcarter<\/a> <p>Sweden Quran protests <a title=\"quran\" target=\"_blank\" href=\"https:\/\/www.tiktok.com\/tag\/quran\">#Quran<\/a> <a title=\"sweden\" target=\"_blank\" href=\"https:\/\/www.tiktok.com\/tag\/sweden\">#Sweden<\/a> <a title=\"islam\" target=\"_blank\" href=\"https:\/\/www.tiktok.com\/tag\/islam\">#Islam<\/a> <a title=\"muslimtiktok\" target=\"_blank\" href=\"https:\/\/www.tiktok.com\/tag\/muslimtiktok\">#muslimtiktok<\/a> <a title=\"book\" target=\"_blank\" href=\"https:\/\/www.tiktok.com\/tag\/book\">#Book<\/a> <a title=\"muslim\" target=\"_blank\" href=\"https:\/\/www.tiktok.com\/tag\/muslim\">#muslim<\/a><\/p> <a target=\"_blank\" title=\"\u266c Intro - The xx\" href=\"https:\/\/www.tiktok.com\/music\/Intro-6751218106342836226\">\u266c Intro &#8211; The xx<\/a> <\/section> <\/blockquote> <script async src=\"https:\/\/www.tiktok.com\/embed.js\"><\/script>\n<\/div><\/figure>\n","protected":false},"excerpt":{"rendered":"https:\/\/www.tiktok.com\/@officialrobertcarter\/video\/7087654205858516230?_t=8RcftiPQfOH&amp;_r=1","protected":false},"author":2,"featured_media":28273,"comment_status":"closed","ping_status":"open","sticky":false,"template":"","format":"standard","meta":[],"categories":[],"tags":[],"_links":{"self":[{"href":"https:\/\/www.lejournalduforkane.com\/index.php\/wp-json\/wp\/v2\/posts\/28272"}],"collection":[{"href":"https:\/\/www.lejournalduforkane.com\/index.php\/wp-json\/wp\/v2\/posts"}],"about":[{"href":"https:\/\/www.lejournalduforkane.com\/index.php\/wp-json\/wp\/v2\/types\/post"}],"author":[{"embeddable":true,"href":"https:\/\/www.lejournalduforkane.com\/index.php\/wp-json\/wp\/v2\/users\/2"}],"replies":[{"embeddable":true,"href":"https:\/\/www.lejournalduforkane.com\/index.php\/wp-json\/wp\/v2\/comments?post=28272"}],"version-history":[{"count":1,"href":"https:\/\/www.lejournalduforkane.com\/index.php\/wp-json\/wp\/v2\/posts\/28272\/revisions"}],"predecessor-version":[{"id":28274,"href":"https:\/\/www.lejournalduforkane.com\/index.php\/wp-json\/wp\/v2\/posts\/28272\/revisions\/28274"}],"wp:featuredmedia":[{"embeddable":true,"href":"https:\/\/www.lejournalduforkane.com\/index.php\/wp-json\/wp\/v2\/media\/28273"}],"wp:attachment":[{"href":"https:\/\/www.lejournalduforkane.com\/index.php\/wp-json\/wp\/v2\/media?parent=28272"}],"wp:term":[{"taxonomy":"category","embeddable":true,"href":"https:\/\/www.lejournalduforkane.com\/index.php\/wp-json\/wp\/v2\/categories?post=28272"},{"taxonomy":"post_tag","embeddable":true,"href":"https:\/\/www.lejournalduforkane.com\/index.php\/wp-json\/wp\/v2\/tags?post=28272"}],"curies":[{"name":"wp","href":"https:\/\/api.w.org\/{rel}","templated":true}]}}