
{"id":28303,"date":"2022-04-17T06:52:00","date_gmt":"2022-04-17T06:52:00","guid":{"rendered":"https:\/\/www.lejournalduforkane.com\/?p=28303"},"modified":"2022-04-21T06:54:35","modified_gmt":"2022-04-21T06:54:35","slug":"appel-aux-fideles-depuis-le-minaret-de-la-mosquee-al-aqsa-3e-lieu-saint-de-lislam-pour-quils-viennent-le-proteger-des-attaques-de-loccupation-et-des-provocations-des-colons","status":"publish","type":"post","link":"https:\/\/www.lejournalduforkane.com\/index.php\/appel-aux-fideles-depuis-le-minaret-de-la-mosquee-al-aqsa-3e-lieu-saint-de-lislam-pour-quils-viennent-le-proteger-des-attaques-de-loccupation-et-des-provocations-des-colons\/","title":{"rendered":"Appel aux fid\u00e8les depuis le minaret de la mosqu\u00e9e Al-Aqsa, 3e lieu saint de l&rsquo;Islam, pour qu&rsquo;ils viennent le prot\u00e9ger des attaques de l&rsquo;occupation et des provocations des colons."},"content":{"rendered":"\n<iframe loading=\"lazy\" src=\"https:\/\/www.facebook.com\/plugins\/video.php?height=476&#038;href=https%3A%2F%2Fwww.facebook.com%2Fle.journal.du.forqane%2Fvideos%2F1017184252535179%2F&#038;show_text=false&#038;width=271&#038;t=0\" width=\"271\" height=\"476\" style=\"border:none;overflow:hidden\" scrolling=\"no\" frameborder=\"0\" allowfullscreen=\"true\" allow=\"autoplay; clipboard-write; encrypted-media; picture-in-picture; web-share\" allowFullScreen=\"true\"><\/iframe>\n","protected":false},"excerpt":{"rendered":"","protected":false},"author":2,"featured_media":28304,"comment_status":"closed","ping_status":"open","sticky":false,"template":"","format":"standard","meta":[],"categories":[],"tags":[],"_links":{"self":[{"href":"https:\/\/www.lejournalduforkane.com\/index.php\/wp-json\/wp\/v2\/posts\/28303"}],"collection":[{"href":"https:\/\/www.lejournalduforkane.com\/index.php\/wp-json\/wp\/v2\/posts"}],"about":[{"href":"https:\/\/www.lejournalduforkane.com\/index.php\/wp-json\/wp\/v2\/types\/post"}],"author":[{"embeddable":true,"href":"https:\/\/www.lejournalduforkane.com\/index.php\/wp-json\/wp\/v2\/users\/2"}],"replies":[{"embeddable":true,"href":"https:\/\/www.lejournalduforkane.com\/index.php\/wp-json\/wp\/v2\/comments?post=28303"}],"version-history":[{"count":1,"href":"https:\/\/www.lejournalduforkane.com\/index.php\/wp-json\/wp\/v2\/posts\/28303\/revisions"}],"predecessor-version":[{"id":28305,"href":"https:\/\/www.lejournalduforkane.com\/index.php\/wp-json\/wp\/v2\/posts\/28303\/revisions\/28305"}],"wp:featuredmedia":[{"embeddable":true,"href":"https:\/\/www.lejournalduforkane.com\/index.php\/wp-json\/wp\/v2\/media\/28304"}],"wp:attachment":[{"href":"https:\/\/www.lejournalduforkane.com\/index.php\/wp-json\/wp\/v2\/media?parent=28303"}],"wp:term":[{"taxonomy":"category","embeddable":true,"href":"https:\/\/www.lejournalduforkane.com\/index.php\/wp-json\/wp\/v2\/categories?post=28303"},{"taxonomy":"post_tag","embeddable":true,"href":"https:\/\/www.lejournalduforkane.com\/index.php\/wp-json\/wp\/v2\/tags?post=28303"}],"curies":[{"name":"wp","href":"https:\/\/api.w.org\/{rel}","templated":true}]}}