
{"id":28315,"date":"2022-04-16T07:00:00","date_gmt":"2022-04-16T07:00:00","guid":{"rendered":"https:\/\/www.lejournalduforkane.com\/?p=28315"},"modified":"2022-04-21T07:02:18","modified_gmt":"2022-04-21T07:02:18","slug":"un-soldat-israelien-attaque-brutalement-un-enfant-palestinien-a-la-mosquee-al-aqsa-lui-assenant-un-coup-de-matraque-en-pleine-tete","status":"publish","type":"post","link":"https:\/\/www.lejournalduforkane.com\/index.php\/un-soldat-israelien-attaque-brutalement-un-enfant-palestinien-a-la-mosquee-al-aqsa-lui-assenant-un-coup-de-matraque-en-pleine-tete\/","title":{"rendered":"Un soldat isra\u00e9lien attaque brutalement un enfant palestinien \u00e0 la mosqu\u00e9e Al-Aqsa, lui ass\u00e9nant un coup de matraque en pleine t\u00eate."},"content":{"rendered":"\n<iframe loading=\"lazy\" src=\"https:\/\/www.facebook.com\/plugins\/video.php?height=308&#038;href=https%3A%2F%2Fwww.facebook.com%2Fle.journal.du.forqane%2Fvideos%2F703567914328584%2F&#038;show_text=false&#038;width=560&#038;t=0\" width=\"560\" height=\"308\" style=\"border:none;overflow:hidden\" scrolling=\"no\" frameborder=\"0\" allowfullscreen=\"true\" allow=\"autoplay; clipboard-write; encrypted-media; picture-in-picture; web-share\" allowFullScreen=\"true\"><\/iframe>\n\n\n<div class=\"kvgmc6g5 cxmmr5t8 oygrvhab hcukyx3x c1et5uql\">\n<div dir=\"auto\">Un soldat isra\u00e9lien attaque brutalement un enfant palestinien \u00e0 la mosqu\u00e9e Al-Aqsa, lui ass\u00e9nant un coup de matraque en pleine t\u00eate.<\/div>\n<\/div>\n<div class=\"cxmmr5t8 oygrvhab hcukyx3x c1et5uql o9v6fnle\">\n<div dir=\"auto\">Vous croyez que la r\u00e9pression des Gilets Jaunes a \u00e9t\u00e9 import\u00e9e d&rsquo;o\u00f9 ?<\/div>\n<\/div>","protected":false},"excerpt":{"rendered":"<p>Un soldat isra\u00e9lien attaque brutalement un enfant palestinien \u00e0 la mosqu\u00e9e Al-Aqsa, lui ass\u00e9nant un coup de matraque en pleine t\u00eate. Vous croyez que la r\u00e9pression des Gilets Jaunes a<\/p>\n","protected":false},"author":2,"featured_media":28316,"comment_status":"closed","ping_status":"open","sticky":false,"template":"","format":"standard","meta":[],"categories":[],"tags":[],"_links":{"self":[{"href":"https:\/\/www.lejournalduforkane.com\/index.php\/wp-json\/wp\/v2\/posts\/28315"}],"collection":[{"href":"https:\/\/www.lejournalduforkane.com\/index.php\/wp-json\/wp\/v2\/posts"}],"about":[{"href":"https:\/\/www.lejournalduforkane.com\/index.php\/wp-json\/wp\/v2\/types\/post"}],"author":[{"embeddable":true,"href":"https:\/\/www.lejournalduforkane.com\/index.php\/wp-json\/wp\/v2\/users\/2"}],"replies":[{"embeddable":true,"href":"https:\/\/www.lejournalduforkane.com\/index.php\/wp-json\/wp\/v2\/comments?post=28315"}],"version-history":[{"count":1,"href":"https:\/\/www.lejournalduforkane.com\/index.php\/wp-json\/wp\/v2\/posts\/28315\/revisions"}],"predecessor-version":[{"id":28317,"href":"https:\/\/www.lejournalduforkane.com\/index.php\/wp-json\/wp\/v2\/posts\/28315\/revisions\/28317"}],"wp:featuredmedia":[{"embeddable":true,"href":"https:\/\/www.lejournalduforkane.com\/index.php\/wp-json\/wp\/v2\/media\/28316"}],"wp:attachment":[{"href":"https:\/\/www.lejournalduforkane.com\/index.php\/wp-json\/wp\/v2\/media?parent=28315"}],"wp:term":[{"taxonomy":"category","embeddable":true,"href":"https:\/\/www.lejournalduforkane.com\/index.php\/wp-json\/wp\/v2\/categories?post=28315"},{"taxonomy":"post_tag","embeddable":true,"href":"https:\/\/www.lejournalduforkane.com\/index.php\/wp-json\/wp\/v2\/tags?post=28315"}],"curies":[{"name":"wp","href":"https:\/\/api.w.org\/{rel}","templated":true}]}}