
{"id":28321,"date":"2022-04-15T07:05:00","date_gmt":"2022-04-15T07:05:00","guid":{"rendered":"https:\/\/www.lejournalduforkane.com\/?p=28321"},"modified":"2022-04-21T07:06:51","modified_gmt":"2022-04-21T07:06:51","slug":"amir-abdollahian-appelle-haniyeh-et-condamne-la-prise-dassaut-dal-aqsa-par-israel","status":"publish","type":"post","link":"https:\/\/www.lejournalduforkane.com\/index.php\/amir-abdollahian-appelle-haniyeh-et-condamne-la-prise-dassaut-dal-aqsa-par-israel\/","title":{"rendered":"Amir-Abdollahian appelle Haniyeh et condamne la prise d&rsquo;assaut d&rsquo;Al-Aqsa par Isra\u00ebl"},"content":{"rendered":"<div class=\"kvgmc6g5 cxmmr5t8 oygrvhab hcukyx3x c1et5uql ii04i59q\">\n<div dir=\"auto\" style=\"text-align: justify;\">Amir-Abdollahian appelle Haniyeh et condamne la prise d&rsquo;assaut d&rsquo;Al-Aqsa par Isra\u00ebl<\/div>\n<div dir=\"auto\" style=\"text-align: justify;\"><\/div>\n<\/div>\n<div class=\"cxmmr5t8 oygrvhab hcukyx3x c1et5uql o9v6fnle ii04i59q\" style=\"text-align: justify;\">\n<div dir=\"auto\">Le ministre des Affaires \u00e9trang\u00e8res iranien condamne les violations isra\u00e9liennes contre les Palestiniens dans la mosqu\u00e9e Al-Aqsa, et le chef du Hamas salue la position de l&rsquo;Iran dans son soutien \u00e0 la cause palestinienne.<\/div>\n<div dir=\"auto\"><\/div>\n<\/div>\n<div class=\"cxmmr5t8 oygrvhab hcukyx3x c1et5uql o9v6fnle ii04i59q\" style=\"text-align: justify;\">\n<div dir=\"auto\">Le chef du Bureau politique du Hamas, Ismail Haniyeh, a re\u00e7u vendredi un appel t\u00e9l\u00e9phonique du ministre iranien des Affaires \u00e9trang\u00e8res, Hossein Amir-Abdollahian.<\/div>\n<\/div>\n<div class=\"cxmmr5t8 oygrvhab hcukyx3x c1et5uql o9v6fnle ii04i59q\" style=\"text-align: justify;\">\n<div dir=\"auto\">Au cours de l&rsquo;appel, Amir-Abdollahian a condamn\u00e9 les violations de l&rsquo;occupation isra\u00e9lienne contre les Palestiniens dans la mosqu\u00e9e Al-Aqsa \u00e0 Al-Qods et a exprim\u00e9 le soutien de son pays au peuple palestinien et \u00e0 ses droits l\u00e9gitimes, a soulign\u00e9 le ministre iranien des Affaires \u00e9trang\u00e8res.<\/div>\n<div dir=\"auto\"><\/div>\n<\/div>\n<div class=\"cxmmr5t8 oygrvhab hcukyx3x c1et5uql o9v6fnle ii04i59q\" style=\"text-align: justify;\">\n<div dir=\"auto\">\u00ab\u00a0Isra\u00ebl\u00a0\u00bb est dans ses conditions les plus faibles<\/div>\n<div dir=\"auto\">Dans un communiqu\u00e9, le minist\u00e8re a mentionn\u00e9 qu&rsquo;Amir-Abdollahian \u00ab\u00a0a fait r\u00e9f\u00e9rence \u00e0 l&rsquo;action du r\u00e9gime sioniste en attaquant les fid\u00e8les et en profanant la mosqu\u00e9e Al-Aqsa comme les effets n\u00e9gatifs de la normalisation des relations de quelques pays arabo-islamiques avec le faux r\u00e9gime isra\u00e9lien\u00a0\u00bb.<\/div>\n<div dir=\"auto\"><\/div>\n<\/div>\n<div class=\"cxmmr5t8 oygrvhab hcukyx3x c1et5uql o9v6fnle ii04i59q\" style=\"text-align: justify;\">\n<div dir=\"auto\">Le ministre iranien a soulign\u00e9 que la R\u00e9sistance est dans sa meilleure position, tandis que \u00ab\u00a0le r\u00e9gime terroriste sioniste est dans ses conditions les plus faibles\u00a0\u00bb.<\/div>\n<div dir=\"auto\"><\/div>\n<\/div>\n<div class=\"cxmmr5t8 oygrvhab hcukyx3x c1et5uql o9v6fnle ii04i59q\">\n<div dir=\"auto\" style=\"text-align: justify;\">\u00ab\u00a0La R\u00e9publique islamique d&rsquo;Iran soutient la formation d&rsquo;un gouvernement palestinien int\u00e9gr\u00e9 en Palestine avec Quds comme capitale\u00a0\u00bb, a soulign\u00e9 Amir-Abdollahian.<\/div>\n<\/div>\n","protected":false},"excerpt":{"rendered":"<p>Amir-Abdollahian appelle Haniyeh et condamne la prise d&rsquo;assaut d&rsquo;Al-Aqsa par Isra\u00ebl Le ministre des Affaires \u00e9trang\u00e8res iranien condamne les violations isra\u00e9liennes contre les Palestiniens dans la mosqu\u00e9e Al-Aqsa, et le<\/p>\n","protected":false},"author":2,"featured_media":28322,"comment_status":"closed","ping_status":"open","sticky":false,"template":"","format":"standard","meta":[],"categories":[],"tags":[],"_links":{"self":[{"href":"https:\/\/www.lejournalduforkane.com\/index.php\/wp-json\/wp\/v2\/posts\/28321"}],"collection":[{"href":"https:\/\/www.lejournalduforkane.com\/index.php\/wp-json\/wp\/v2\/posts"}],"about":[{"href":"https:\/\/www.lejournalduforkane.com\/index.php\/wp-json\/wp\/v2\/types\/post"}],"author":[{"embeddable":true,"href":"https:\/\/www.lejournalduforkane.com\/index.php\/wp-json\/wp\/v2\/users\/2"}],"replies":[{"embeddable":true,"href":"https:\/\/www.lejournalduforkane.com\/index.php\/wp-json\/wp\/v2\/comments?post=28321"}],"version-history":[{"count":1,"href":"https:\/\/www.lejournalduforkane.com\/index.php\/wp-json\/wp\/v2\/posts\/28321\/revisions"}],"predecessor-version":[{"id":28323,"href":"https:\/\/www.lejournalduforkane.com\/index.php\/wp-json\/wp\/v2\/posts\/28321\/revisions\/28323"}],"wp:featuredmedia":[{"embeddable":true,"href":"https:\/\/www.lejournalduforkane.com\/index.php\/wp-json\/wp\/v2\/media\/28322"}],"wp:attachment":[{"href":"https:\/\/www.lejournalduforkane.com\/index.php\/wp-json\/wp\/v2\/media?parent=28321"}],"wp:term":[{"taxonomy":"category","embeddable":true,"href":"https:\/\/www.lejournalduforkane.com\/index.php\/wp-json\/wp\/v2\/categories?post=28321"},{"taxonomy":"post_tag","embeddable":true,"href":"https:\/\/www.lejournalduforkane.com\/index.php\/wp-json\/wp\/v2\/tags?post=28321"}],"curies":[{"name":"wp","href":"https:\/\/api.w.org\/{rel}","templated":true}]}}