
{"id":28339,"date":"2022-04-14T07:16:00","date_gmt":"2022-04-14T07:16:00","guid":{"rendered":"https:\/\/www.lejournalduforkane.com\/?p=28339"},"modified":"2022-04-21T07:18:05","modified_gmt":"2022-04-21T07:18:05","slug":"les-palestiniens-resistent-a-mains-nues-contre-les-blindes-de-lentite-sioniste-a-tulkarem-dans-la-palestine-qui-leur-a-ete-spoliee-et-sans-laide-de-lotan-ca-oui-cest-de-la-resistance","status":"publish","type":"post","link":"https:\/\/www.lejournalduforkane.com\/index.php\/les-palestiniens-resistent-a-mains-nues-contre-les-blindes-de-lentite-sioniste-a-tulkarem-dans-la-palestine-qui-leur-a-ete-spoliee-et-sans-laide-de-lotan-ca-oui-cest-de-la-resistance\/","title":{"rendered":"Les palestiniens r\u00e9sistent \u00e0 mains nues contre les blind\u00e9s de l&rsquo;entit\u00e9 sioniste \u00e0 Tulkarem dans la Palestine qui leur a \u00e9t\u00e9 spoli\u00e9e&#8230;et sans l&rsquo;aide de l&rsquo;OTAN. .. \u00e7a, oui.. c&rsquo;est de la RESISTANCE."},"content":{"rendered":"\n<iframe loading=\"lazy\" src=\"https:\/\/www.facebook.com\/plugins\/video.php?height=476&#038;href=https%3A%2F%2Fwww.facebook.com%2Fle.journal.du.forqane%2Fvideos%2F513160067125146%2F&#038;show_text=false&#038;width=476&#038;t=0\" width=\"476\" height=\"476\" style=\"border:none;overflow:hidden\" scrolling=\"no\" frameborder=\"0\" allowfullscreen=\"true\" allow=\"autoplay; clipboard-write; encrypted-media; picture-in-picture; web-share\" allowFullScreen=\"true\"><\/iframe>\n","protected":false},"excerpt":{"rendered":"","protected":false},"author":2,"featured_media":28340,"comment_status":"closed","ping_status":"open","sticky":false,"template":"","format":"standard","meta":[],"categories":[],"tags":[],"_links":{"self":[{"href":"https:\/\/www.lejournalduforkane.com\/index.php\/wp-json\/wp\/v2\/posts\/28339"}],"collection":[{"href":"https:\/\/www.lejournalduforkane.com\/index.php\/wp-json\/wp\/v2\/posts"}],"about":[{"href":"https:\/\/www.lejournalduforkane.com\/index.php\/wp-json\/wp\/v2\/types\/post"}],"author":[{"embeddable":true,"href":"https:\/\/www.lejournalduforkane.com\/index.php\/wp-json\/wp\/v2\/users\/2"}],"replies":[{"embeddable":true,"href":"https:\/\/www.lejournalduforkane.com\/index.php\/wp-json\/wp\/v2\/comments?post=28339"}],"version-history":[{"count":1,"href":"https:\/\/www.lejournalduforkane.com\/index.php\/wp-json\/wp\/v2\/posts\/28339\/revisions"}],"predecessor-version":[{"id":28341,"href":"https:\/\/www.lejournalduforkane.com\/index.php\/wp-json\/wp\/v2\/posts\/28339\/revisions\/28341"}],"wp:featuredmedia":[{"embeddable":true,"href":"https:\/\/www.lejournalduforkane.com\/index.php\/wp-json\/wp\/v2\/media\/28340"}],"wp:attachment":[{"href":"https:\/\/www.lejournalduforkane.com\/index.php\/wp-json\/wp\/v2\/media?parent=28339"}],"wp:term":[{"taxonomy":"category","embeddable":true,"href":"https:\/\/www.lejournalduforkane.com\/index.php\/wp-json\/wp\/v2\/categories?post=28339"},{"taxonomy":"post_tag","embeddable":true,"href":"https:\/\/www.lejournalduforkane.com\/index.php\/wp-json\/wp\/v2\/tags?post=28339"}],"curies":[{"name":"wp","href":"https:\/\/api.w.org\/{rel}","templated":true}]}}