
{"id":28370,"date":"2022-04-22T09:31:00","date_gmt":"2022-04-22T09:31:00","guid":{"rendered":"https:\/\/www.lejournalduforkane.com\/?p=28370"},"modified":"2022-04-24T09:35:19","modified_gmt":"2022-04-24T09:35:19","slug":"imran-khan-merci-lahore-pour-le-soutien-massif-et-la-plus-grande-jalsa-de-mes-26-ans-en-politique-et-le-public-le-plus-reactif-passionne","status":"publish","type":"post","link":"https:\/\/www.lejournalduforkane.com\/index.php\/imran-khan-merci-lahore-pour-le-soutien-massif-et-la-plus-grande-jalsa-de-mes-26-ans-en-politique-et-le-public-le-plus-reactif-passionne\/","title":{"rendered":"Imran Khan: Merci Lahore pour le soutien massif et la plus grande jalsa de mes 26 ans en politique, et le public le plus r\u00e9actif &#038; passionn\u00e9."},"content":{"rendered":"<div class=\"kvgmc6g5 cxmmr5t8 oygrvhab hcukyx3x c1et5uql ii04i59q\">\n<div dir=\"auto\">\u00ab\u00a0Merci Lahore pour le soutien massif et la plus grande jalsa de mes 26 ans en politique, et le public le plus r\u00e9actif &amp; passionn\u00e9.\u00a0\u00bb<\/div>\n<\/div>\n<div class=\"cxmmr5t8 oygrvhab hcukyx3x c1et5uql o9v6fnle ii04i59q\">\n<div dir=\"auto\">Renvers\u00e9 par un coup d&rsquo;Etat am\u00e9ricain soft pour avoir refus\u00e9 l&rsquo;esclavage d&rsquo;une position antirusse, Imran Khan reste immens\u00e9ment populaire au Pakistan.<\/div>\n<\/div>\n\n\n<iframe loading=\"lazy\" src=\"https:\/\/www.facebook.com\/plugins\/video.php?height=308&#038;href=https%3A%2F%2Fwww.facebook.com%2Fle.journal.du.forqane%2Fvideos%2F721273512388711%2F&#038;show_text=false&#038;width=560&#038;t=0\" width=\"560\" height=\"308\" style=\"border:none;overflow:hidden\" scrolling=\"no\" frameborder=\"0\" allowfullscreen=\"true\" allow=\"autoplay; clipboard-write; encrypted-media; picture-in-picture; web-share\" allowFullScreen=\"true\"><\/iframe>\n","protected":false},"excerpt":{"rendered":"<p>\u00ab\u00a0Merci Lahore pour le soutien massif et la plus grande jalsa de mes 26 ans en politique, et le public le plus r\u00e9actif &amp; passionn\u00e9.\u00a0\u00bb Renvers\u00e9 par un coup d&rsquo;Etat<\/p>\n","protected":false},"author":2,"featured_media":28371,"comment_status":"closed","ping_status":"open","sticky":false,"template":"","format":"standard","meta":[],"categories":[],"tags":[],"_links":{"self":[{"href":"https:\/\/www.lejournalduforkane.com\/index.php\/wp-json\/wp\/v2\/posts\/28370"}],"collection":[{"href":"https:\/\/www.lejournalduforkane.com\/index.php\/wp-json\/wp\/v2\/posts"}],"about":[{"href":"https:\/\/www.lejournalduforkane.com\/index.php\/wp-json\/wp\/v2\/types\/post"}],"author":[{"embeddable":true,"href":"https:\/\/www.lejournalduforkane.com\/index.php\/wp-json\/wp\/v2\/users\/2"}],"replies":[{"embeddable":true,"href":"https:\/\/www.lejournalduforkane.com\/index.php\/wp-json\/wp\/v2\/comments?post=28370"}],"version-history":[{"count":1,"href":"https:\/\/www.lejournalduforkane.com\/index.php\/wp-json\/wp\/v2\/posts\/28370\/revisions"}],"predecessor-version":[{"id":28372,"href":"https:\/\/www.lejournalduforkane.com\/index.php\/wp-json\/wp\/v2\/posts\/28370\/revisions\/28372"}],"wp:featuredmedia":[{"embeddable":true,"href":"https:\/\/www.lejournalduforkane.com\/index.php\/wp-json\/wp\/v2\/media\/28371"}],"wp:attachment":[{"href":"https:\/\/www.lejournalduforkane.com\/index.php\/wp-json\/wp\/v2\/media?parent=28370"}],"wp:term":[{"taxonomy":"category","embeddable":true,"href":"https:\/\/www.lejournalduforkane.com\/index.php\/wp-json\/wp\/v2\/categories?post=28370"},{"taxonomy":"post_tag","embeddable":true,"href":"https:\/\/www.lejournalduforkane.com\/index.php\/wp-json\/wp\/v2\/tags?post=28370"}],"curies":[{"name":"wp","href":"https:\/\/api.w.org\/{rel}","templated":true}]}}