
{"id":28376,"date":"2022-04-23T09:39:00","date_gmt":"2022-04-23T09:39:00","guid":{"rendered":"https:\/\/www.lejournalduforkane.com\/?p=28376"},"modified":"2022-04-24T09:41:26","modified_gmt":"2022-04-24T09:41:26","slug":"toute-la-droite-et-lextreme-droite-francaise-exprime-son-indignation-dans-le-plus-grand-silence","status":"publish","type":"post","link":"https:\/\/www.lejournalduforkane.com\/index.php\/toute-la-droite-et-lextreme-droite-francaise-exprime-son-indignation-dans-le-plus-grand-silence\/","title":{"rendered":"Toute la droite et l&rsquo;extr\u00eame droite fran\u00e7aise exprime son indignation dans le plus grand silence!"},"content":{"rendered":"\n<iframe loading=\"lazy\" src=\"https:\/\/www.facebook.com\/plugins\/video.php?height=476&#038;href=https%3A%2F%2Fwww.facebook.com%2Fle.journal.du.forqane%2Fvideos%2F486170829958093%2F&#038;show_text=false&#038;width=268&#038;t=0\" width=\"268\" height=\"476\" style=\"border:none;overflow:hidden\" scrolling=\"no\" frameborder=\"0\" allowfullscreen=\"true\" allow=\"autoplay; clipboard-write; encrypted-media; picture-in-picture; web-share\" allowFullScreen=\"true\"><\/iframe>\n\n\n<div class=\"kvgmc6g5 cxmmr5t8 oygrvhab hcukyx3x c1et5uql ii04i59q\">\n<div dir=\"auto\">Les forces d&rsquo;occupation isra\u00e9liennes agressent les chr\u00e9tiens et leur interdisent d&rsquo;entrer dans l&rsquo;\u00e9glise du Saint-S\u00e9pulcre.<\/div>\n<\/div>\n<div class=\"cxmmr5t8 oygrvhab hcukyx3x c1et5uql o9v6fnle ii04i59q\">\n<div dir=\"auto\">Toute la droite et l&rsquo;extr\u00eame droite fran\u00e7aise exprime son indignation dans le plus grand silence.<\/div>\n<\/div>","protected":false},"excerpt":{"rendered":"<p>Les forces d&rsquo;occupation isra\u00e9liennes agressent les chr\u00e9tiens et leur interdisent d&rsquo;entrer dans l&rsquo;\u00e9glise du Saint-S\u00e9pulcre. Toute la droite et l&rsquo;extr\u00eame droite fran\u00e7aise exprime son indignation dans le plus grand silence.<\/p>\n","protected":false},"author":2,"featured_media":28377,"comment_status":"closed","ping_status":"open","sticky":false,"template":"","format":"standard","meta":[],"categories":[],"tags":[],"_links":{"self":[{"href":"https:\/\/www.lejournalduforkane.com\/index.php\/wp-json\/wp\/v2\/posts\/28376"}],"collection":[{"href":"https:\/\/www.lejournalduforkane.com\/index.php\/wp-json\/wp\/v2\/posts"}],"about":[{"href":"https:\/\/www.lejournalduforkane.com\/index.php\/wp-json\/wp\/v2\/types\/post"}],"author":[{"embeddable":true,"href":"https:\/\/www.lejournalduforkane.com\/index.php\/wp-json\/wp\/v2\/users\/2"}],"replies":[{"embeddable":true,"href":"https:\/\/www.lejournalduforkane.com\/index.php\/wp-json\/wp\/v2\/comments?post=28376"}],"version-history":[{"count":1,"href":"https:\/\/www.lejournalduforkane.com\/index.php\/wp-json\/wp\/v2\/posts\/28376\/revisions"}],"predecessor-version":[{"id":28378,"href":"https:\/\/www.lejournalduforkane.com\/index.php\/wp-json\/wp\/v2\/posts\/28376\/revisions\/28378"}],"wp:featuredmedia":[{"embeddable":true,"href":"https:\/\/www.lejournalduforkane.com\/index.php\/wp-json\/wp\/v2\/media\/28377"}],"wp:attachment":[{"href":"https:\/\/www.lejournalduforkane.com\/index.php\/wp-json\/wp\/v2\/media?parent=28376"}],"wp:term":[{"taxonomy":"category","embeddable":true,"href":"https:\/\/www.lejournalduforkane.com\/index.php\/wp-json\/wp\/v2\/categories?post=28376"},{"taxonomy":"post_tag","embeddable":true,"href":"https:\/\/www.lejournalduforkane.com\/index.php\/wp-json\/wp\/v2\/tags?post=28376"}],"curies":[{"name":"wp","href":"https:\/\/api.w.org\/{rel}","templated":true}]}}