
{"id":28383,"date":"2022-04-24T16:14:00","date_gmt":"2022-04-24T16:14:00","guid":{"rendered":"https:\/\/www.lejournalduforkane.com\/?p=28383"},"modified":"2022-04-28T16:16:55","modified_gmt":"2022-04-28T16:16:55","slug":"ce-soir-emmanuel-macron-promet-une-ere-nouvelle-qui-ne-sera-pas-la-continuite-du-quinquennat-qui-sacheve","status":"publish","type":"post","link":"https:\/\/www.lejournalduforkane.com\/index.php\/ce-soir-emmanuel-macron-promet-une-ere-nouvelle-qui-ne-sera-pas-la-continuite-du-quinquennat-qui-sacheve\/","title":{"rendered":"Ce soir, Emmanuel Macron promet \u00ab une \u00e8re nouvelle qui ne sera pas la continuit\u00e9 du quinquennat qui s\u2019ach\u00e8ve \u00bb"},"content":{"rendered":"<div class=\"kvgmc6g5 cxmmr5t8 oygrvhab hcukyx3x c1et5uql\">\n<div dir=\"auto\">Ce soir, Emmanuel Macron promet \u00ab une \u00e8re nouvelle qui ne sera pas la continuit\u00e9 du quinquennat qui s\u2019ach\u00e8ve \u00bb.<\/div>\n<\/div>\n<div class=\"cxmmr5t8 oygrvhab hcukyx3x c1et5uql o9v6fnle\">\n<div dir=\"auto\">\u00c7a y ressemble \u00e0 s&rsquo;y m\u00e9prendre pourtant&#8230;<\/div>\n<\/div>\n\n\n<iframe loading=\"lazy\" src=\"https:\/\/www.facebook.com\/plugins\/video.php?height=314&#038;href=https%3A%2F%2Fwww.facebook.com%2Fle.journal.du.forqane%2Fvideos%2F718599476006690%2F&#038;show_text=false&#038;width=560&#038;t=0\" width=\"560\" height=\"314\" style=\"border:none;overflow:hidden\" scrolling=\"no\" frameborder=\"0\" allowfullscreen=\"true\" allow=\"autoplay; clipboard-write; encrypted-media; picture-in-picture; web-share\" allowFullScreen=\"true\"><\/iframe>\n","protected":false},"excerpt":{"rendered":"<p>Ce soir, Emmanuel Macron promet \u00ab une \u00e8re nouvelle qui ne sera pas la continuit\u00e9 du quinquennat qui s\u2019ach\u00e8ve \u00bb. \u00c7a y ressemble \u00e0 s&rsquo;y m\u00e9prendre pourtant&#8230;<\/p>\n","protected":false},"author":2,"featured_media":28384,"comment_status":"closed","ping_status":"open","sticky":false,"template":"","format":"standard","meta":[],"categories":[],"tags":[],"_links":{"self":[{"href":"https:\/\/www.lejournalduforkane.com\/index.php\/wp-json\/wp\/v2\/posts\/28383"}],"collection":[{"href":"https:\/\/www.lejournalduforkane.com\/index.php\/wp-json\/wp\/v2\/posts"}],"about":[{"href":"https:\/\/www.lejournalduforkane.com\/index.php\/wp-json\/wp\/v2\/types\/post"}],"author":[{"embeddable":true,"href":"https:\/\/www.lejournalduforkane.com\/index.php\/wp-json\/wp\/v2\/users\/2"}],"replies":[{"embeddable":true,"href":"https:\/\/www.lejournalduforkane.com\/index.php\/wp-json\/wp\/v2\/comments?post=28383"}],"version-history":[{"count":1,"href":"https:\/\/www.lejournalduforkane.com\/index.php\/wp-json\/wp\/v2\/posts\/28383\/revisions"}],"predecessor-version":[{"id":28385,"href":"https:\/\/www.lejournalduforkane.com\/index.php\/wp-json\/wp\/v2\/posts\/28383\/revisions\/28385"}],"wp:featuredmedia":[{"embeddable":true,"href":"https:\/\/www.lejournalduforkane.com\/index.php\/wp-json\/wp\/v2\/media\/28384"}],"wp:attachment":[{"href":"https:\/\/www.lejournalduforkane.com\/index.php\/wp-json\/wp\/v2\/media?parent=28383"}],"wp:term":[{"taxonomy":"category","embeddable":true,"href":"https:\/\/www.lejournalduforkane.com\/index.php\/wp-json\/wp\/v2\/categories?post=28383"},{"taxonomy":"post_tag","embeddable":true,"href":"https:\/\/www.lejournalduforkane.com\/index.php\/wp-json\/wp\/v2\/tags?post=28383"}],"curies":[{"name":"wp","href":"https:\/\/api.w.org\/{rel}","templated":true}]}}