
{"id":28412,"date":"2022-04-28T16:14:00","date_gmt":"2022-04-28T16:14:00","guid":{"rendered":"https:\/\/www.lejournalduforkane.com\/?p=28412"},"modified":"2022-05-04T16:16:34","modified_gmt":"2022-05-04T16:16:34","slug":"absolument-incroyable","status":"publish","type":"post","link":"https:\/\/www.lejournalduforkane.com\/index.php\/absolument-incroyable\/","title":{"rendered":"Absolument incroyable\u00a0"},"content":{"rendered":"<div class=\"kvgmc6g5 cxmmr5t8 oygrvhab hcukyx3x c1et5uql\">\n<div dir=\"auto\">Absolument incroyable\u00a0<\/div>\n<\/div>\n<div class=\"cxmmr5t8 oygrvhab hcukyx3x c1et5uql o9v6fnle\">\n<div dir=\"auto\">Malgr\u00e9 toutes les menaces, agressions et restrictions de l&rsquo;occupant isra\u00e9lien, environ 250 000 fid\u00e8les se sont rassembl\u00e9s pour les pri\u00e8res d&rsquo;Isha et de Tarawih \u00e0 la mosqu\u00e9e Al-Aqsa pour la 27e nuit de Ramadan<\/div>\n<\/div>\n\n\n<iframe loading=\"lazy\" src=\"https:\/\/www.facebook.com\/plugins\/video.php?height=308&#038;href=https%3A%2F%2Fwww.facebook.com%2Fle.journal.du.forqane%2Fvideos%2F1057709011448565%2F&#038;show_text=false&#038;width=560&#038;t=0\" width=\"560\" height=\"308\" style=\"border:none;overflow:hidden\" scrolling=\"no\" frameborder=\"0\" allowfullscreen=\"true\" allow=\"autoplay; clipboard-write; encrypted-media; picture-in-picture; web-share\" allowFullScreen=\"true\"><\/iframe>\n","protected":false},"excerpt":{"rendered":"<p>Absolument incroyable\u00a0 Malgr\u00e9 toutes les menaces, agressions et restrictions de l&rsquo;occupant isra\u00e9lien, environ 250 000 fid\u00e8les se sont rassembl\u00e9s pour les pri\u00e8res d&rsquo;Isha et de Tarawih \u00e0 la mosqu\u00e9e Al-Aqsa<\/p>\n","protected":false},"author":2,"featured_media":28413,"comment_status":"closed","ping_status":"open","sticky":false,"template":"","format":"standard","meta":[],"categories":[],"tags":[],"_links":{"self":[{"href":"https:\/\/www.lejournalduforkane.com\/index.php\/wp-json\/wp\/v2\/posts\/28412"}],"collection":[{"href":"https:\/\/www.lejournalduforkane.com\/index.php\/wp-json\/wp\/v2\/posts"}],"about":[{"href":"https:\/\/www.lejournalduforkane.com\/index.php\/wp-json\/wp\/v2\/types\/post"}],"author":[{"embeddable":true,"href":"https:\/\/www.lejournalduforkane.com\/index.php\/wp-json\/wp\/v2\/users\/2"}],"replies":[{"embeddable":true,"href":"https:\/\/www.lejournalduforkane.com\/index.php\/wp-json\/wp\/v2\/comments?post=28412"}],"version-history":[{"count":1,"href":"https:\/\/www.lejournalduforkane.com\/index.php\/wp-json\/wp\/v2\/posts\/28412\/revisions"}],"predecessor-version":[{"id":28414,"href":"https:\/\/www.lejournalduforkane.com\/index.php\/wp-json\/wp\/v2\/posts\/28412\/revisions\/28414"}],"wp:featuredmedia":[{"embeddable":true,"href":"https:\/\/www.lejournalduforkane.com\/index.php\/wp-json\/wp\/v2\/media\/28413"}],"wp:attachment":[{"href":"https:\/\/www.lejournalduforkane.com\/index.php\/wp-json\/wp\/v2\/media?parent=28412"}],"wp:term":[{"taxonomy":"category","embeddable":true,"href":"https:\/\/www.lejournalduforkane.com\/index.php\/wp-json\/wp\/v2\/categories?post=28412"},{"taxonomy":"post_tag","embeddable":true,"href":"https:\/\/www.lejournalduforkane.com\/index.php\/wp-json\/wp\/v2\/tags?post=28412"}],"curies":[{"name":"wp","href":"https:\/\/api.w.org\/{rel}","templated":true}]}}