
{"id":28430,"date":"2022-04-29T16:26:00","date_gmt":"2022-04-29T16:26:00","guid":{"rendered":"https:\/\/www.lejournalduforkane.com\/?p=28430"},"modified":"2022-05-04T16:27:44","modified_gmt":"2022-05-04T16:27:44","slug":"les-forces-doccupation-israeliennes-attaquent-la-mosquee-al-aqsa-et-attaquent-les-fideles-avec-des-balles-en-acier-recouvertes-de-caoutchouc-et-des-gaz-lacrymogenes","status":"publish","type":"post","link":"https:\/\/www.lejournalduforkane.com\/index.php\/les-forces-doccupation-israeliennes-attaquent-la-mosquee-al-aqsa-et-attaquent-les-fideles-avec-des-balles-en-acier-recouvertes-de-caoutchouc-et-des-gaz-lacrymogenes\/","title":{"rendered":"Les forces d&rsquo;occupation isra\u00e9liennes attaquent la mosqu\u00e9e Al Aqsa et attaquent les fid\u00e8les avec des balles en acier recouvertes de caoutchouc et des gaz lacrymog\u00e8nes."},"content":{"rendered":"\n\n\n<iframe loading=\"lazy\" src=\"https:\/\/www.facebook.com\/plugins\/video.php?height=316&#038;href=https%3A%2F%2Fwww.facebook.com%2Fle.journal.du.forqane%2Fvideos%2F270614001860927%2F&#038;show_text=false&#038;width=560&#038;t=0\" width=\"560\" height=\"316\" style=\"border:none;overflow:hidden\" scrolling=\"no\" frameborder=\"0\" allowfullscreen=\"true\" allow=\"autoplay; clipboard-write; encrypted-media; picture-in-picture; web-share\" allowFullScreen=\"true\"><\/iframe>\n","protected":false},"excerpt":{"rendered":"","protected":false},"author":2,"featured_media":28431,"comment_status":"closed","ping_status":"open","sticky":false,"template":"","format":"standard","meta":[],"categories":[],"tags":[],"_links":{"self":[{"href":"https:\/\/www.lejournalduforkane.com\/index.php\/wp-json\/wp\/v2\/posts\/28430"}],"collection":[{"href":"https:\/\/www.lejournalduforkane.com\/index.php\/wp-json\/wp\/v2\/posts"}],"about":[{"href":"https:\/\/www.lejournalduforkane.com\/index.php\/wp-json\/wp\/v2\/types\/post"}],"author":[{"embeddable":true,"href":"https:\/\/www.lejournalduforkane.com\/index.php\/wp-json\/wp\/v2\/users\/2"}],"replies":[{"embeddable":true,"href":"https:\/\/www.lejournalduforkane.com\/index.php\/wp-json\/wp\/v2\/comments?post=28430"}],"version-history":[{"count":1,"href":"https:\/\/www.lejournalduforkane.com\/index.php\/wp-json\/wp\/v2\/posts\/28430\/revisions"}],"predecessor-version":[{"id":28432,"href":"https:\/\/www.lejournalduforkane.com\/index.php\/wp-json\/wp\/v2\/posts\/28430\/revisions\/28432"}],"wp:featuredmedia":[{"embeddable":true,"href":"https:\/\/www.lejournalduforkane.com\/index.php\/wp-json\/wp\/v2\/media\/28431"}],"wp:attachment":[{"href":"https:\/\/www.lejournalduforkane.com\/index.php\/wp-json\/wp\/v2\/media?parent=28430"}],"wp:term":[{"taxonomy":"category","embeddable":true,"href":"https:\/\/www.lejournalduforkane.com\/index.php\/wp-json\/wp\/v2\/categories?post=28430"},{"taxonomy":"post_tag","embeddable":true,"href":"https:\/\/www.lejournalduforkane.com\/index.php\/wp-json\/wp\/v2\/tags?post=28430"}],"curies":[{"name":"wp","href":"https:\/\/api.w.org\/{rel}","templated":true}]}}