
{"id":28436,"date":"2022-04-29T16:48:00","date_gmt":"2022-04-29T16:48:00","guid":{"rendered":"https:\/\/www.lejournalduforkane.com\/?p=28436"},"modified":"2022-05-04T16:51:43","modified_gmt":"2022-05-04T16:51:43","slug":"des-soldats-israeliens-se-battent-en-ukraine-au-cote-de-larmee-ukrainienne","status":"publish","type":"post","link":"https:\/\/www.lejournalduforkane.com\/index.php\/des-soldats-israeliens-se-battent-en-ukraine-au-cote-de-larmee-ukrainienne\/","title":{"rendered":"Des soldats isra\u00e9liens se battent en Ukraine au c\u00f4t\u00e9 de l&rsquo;arm\u00e9e ukrainienne"},"content":{"rendered":"\n<blockquote class=\"tiktok-embed\" cite=\"https:\/\/www.tiktok.com\/@philantrope1234\/video\/7091224350694624517\" data-video-id=\"7091224350694624517\" style=\"max-width: 605px;min-width: 325px;\" > <section> <a target=\"_blank\" title=\"@philantrope1234\" href=\"https:\/\/www.tiktok.com\/@philantrope1234\" rel=\"noopener\">@philantrope1234<\/a> <a title=\"fyp\" target=\"_blank\" href=\"https:\/\/www.tiktok.com\/tag\/fyp\" rel=\"noopener\">#fyp<\/a> <a title=\"fypforyou\" target=\"_blank\" href=\"https:\/\/www.tiktok.com\/tag\/fypforyou\" rel=\"noopener\">#fypforyou<\/a> <a target=\"_blank\" title=\"\u266c son original - Enzo\" href=\"https:\/\/www.tiktok.com\/music\/son-original-7091224357372005125\" rel=\"noopener\">\u266c son original &#8211; Enzo<\/a> <\/section> <\/blockquote> <script async src=\"https:\/\/www.tiktok.com\/embed.js\"><\/script>\n","protected":false},"excerpt":{"rendered":"<p>@philantrope1234 #fyp #fypforyou \u266c son original &#8211; Enzo<\/p>\n","protected":false},"author":2,"featured_media":28437,"comment_status":"closed","ping_status":"open","sticky":false,"template":"","format":"standard","meta":[],"categories":[],"tags":[],"_links":{"self":[{"href":"https:\/\/www.lejournalduforkane.com\/index.php\/wp-json\/wp\/v2\/posts\/28436"}],"collection":[{"href":"https:\/\/www.lejournalduforkane.com\/index.php\/wp-json\/wp\/v2\/posts"}],"about":[{"href":"https:\/\/www.lejournalduforkane.com\/index.php\/wp-json\/wp\/v2\/types\/post"}],"author":[{"embeddable":true,"href":"https:\/\/www.lejournalduforkane.com\/index.php\/wp-json\/wp\/v2\/users\/2"}],"replies":[{"embeddable":true,"href":"https:\/\/www.lejournalduforkane.com\/index.php\/wp-json\/wp\/v2\/comments?post=28436"}],"version-history":[{"count":1,"href":"https:\/\/www.lejournalduforkane.com\/index.php\/wp-json\/wp\/v2\/posts\/28436\/revisions"}],"predecessor-version":[{"id":28438,"href":"https:\/\/www.lejournalduforkane.com\/index.php\/wp-json\/wp\/v2\/posts\/28436\/revisions\/28438"}],"wp:featuredmedia":[{"embeddable":true,"href":"https:\/\/www.lejournalduforkane.com\/index.php\/wp-json\/wp\/v2\/media\/28437"}],"wp:attachment":[{"href":"https:\/\/www.lejournalduforkane.com\/index.php\/wp-json\/wp\/v2\/media?parent=28436"}],"wp:term":[{"taxonomy":"category","embeddable":true,"href":"https:\/\/www.lejournalduforkane.com\/index.php\/wp-json\/wp\/v2\/categories?post=28436"},{"taxonomy":"post_tag","embeddable":true,"href":"https:\/\/www.lejournalduforkane.com\/index.php\/wp-json\/wp\/v2\/tags?post=28436"}],"curies":[{"name":"wp","href":"https:\/\/api.w.org\/{rel}","templated":true}]}}