
{"id":2844,"date":"2019-02-11T19:41:47","date_gmt":"2019-02-11T19:41:47","guid":{"rendered":"https:\/\/www.lejournalduforkane.com\/?p=2844"},"modified":"2019-02-11T19:41:27","modified_gmt":"2019-02-11T19:41:27","slug":"les-progres-scientifiques-de-liran-2","status":"publish","type":"post","link":"https:\/\/www.lejournalduforkane.com\/index.php\/les-progres-scientifiques-de-liran-2\/","title":{"rendered":"Les progr\u00e8s scientifiques de l\u2019Iran (2)"},"content":{"rendered":"<div>\n<p style=\"text-align: justify;\">L\u2019Iran ne produit pas que du p\u00e9trole. Mais le pays pourrait en exporter \u00e9norm\u00e9ment si<!--more--> ce n\u2019\u00e9tait les sanctions des puissances \u00e0 la solde des sionistes. Isra\u00ebl tremble devant la mont\u00e9e en puissance rapide de l\u2019Iran. Ce n\u2019est pas pour rien que les USA, la Grande Bretagne et Isra\u00ebl complotent et tuent les savants iraniens du nucl\u00e9aire en particulier. Le pays a aussi fait de grands progr\u00e8s dans les technologies de pointe comme les nanosciences. Il est au dixi\u00e8me rang en mati\u00e8re a\u00e9rospatiale\u00a0: plusieurs satellites ont \u00e9t\u00e9 envoy\u00e9s d\u2019abord modestes, plus tard \u00ab\u00a0g\u00e9ant\u00a0\u00bb, et \u00e0 terme il est pr\u00e9vu d\u2019exp\u00e9dier des astronautes en 2017. La centrale de Boushehr est un signe pour le projet d\u2019Al-Mahdi.<\/p>\n<p style=\"text-align: justify;\">L\u2019Iran s\u2019exprime \u00e0 travers la destruction des drones qui se dirigeaient en direction du pays pour bombarder et un autre pour espionner. Les experts ont la charge d\u00e9sormais d\u2019en d\u00e9crypter les informations et d\u2019en conna\u00eetre la construction. Dans tous les domaines, l\u2019Iran bouge au moment o\u00f9 les pays s\u2019enlisent dans la crise. Un vaste programme pour le logement et contre le ch\u00f4mage est en \u0153uvre. Un cin\u00e9aste grec affirme que les films iraniens sont une alternative \u00e0 Hollywood. L\u2019\u00eele de Kish n\u2019est pas loin de devenir un nouveau Duba\u00ef. Les Iraniens refusent l\u2019arme atomique. Les progr\u00e8s servent \u00e0 faire le bien. L\u2019Iran aide les pays frapp\u00e9s par les catastrophes et la faim comme au Pakistan, les pays de la Corne de l\u2019Afrique et le Japon etc\u2026 C\u2019est un \u00e9nonc\u00e9 loin d\u2019\u00eatre exhaustif.<\/p>\n<\/div>\n<div>\n<p style=\"text-align: justify;\" align=\"center\"><strong>\u00a0<\/strong><\/p>\n<p align=\"center\"><strong>Al-Mahdi reconna\u00eetra les siens alors que les pays h\u00e9r\u00e9tiques du Golfe comme l\u2019Arabie, le Qatar et les EAU etc. seront ch\u00e2ti\u00e9s car ils d\u00e9pensent l\u2019or noir en Occident pour s\u2019en attirer les vaines satisfactions. Les h\u00e9r\u00e9tiques tra\u00eenent dans la boue et l\u2019ignominie \u00e0 cause du reniement de la religion de Dieu.<\/strong><\/p>\n<\/div>\n<p><strong><br clear=\"all\" \/> <\/strong><\/p>\n","protected":false},"excerpt":{"rendered":"<p>L\u2019Iran ne produit pas que du p\u00e9trole. Mais le pays pourrait en exporter \u00e9norm\u00e9ment si<\/p>\n","protected":false},"author":2,"featured_media":19326,"comment_status":"open","ping_status":"closed","sticky":false,"template":"","format":"standard","meta":[],"categories":[],"tags":[],"_links":{"self":[{"href":"https:\/\/www.lejournalduforkane.com\/index.php\/wp-json\/wp\/v2\/posts\/2844"}],"collection":[{"href":"https:\/\/www.lejournalduforkane.com\/index.php\/wp-json\/wp\/v2\/posts"}],"about":[{"href":"https:\/\/www.lejournalduforkane.com\/index.php\/wp-json\/wp\/v2\/types\/post"}],"author":[{"embeddable":true,"href":"https:\/\/www.lejournalduforkane.com\/index.php\/wp-json\/wp\/v2\/users\/2"}],"replies":[{"embeddable":true,"href":"https:\/\/www.lejournalduforkane.com\/index.php\/wp-json\/wp\/v2\/comments?post=2844"}],"version-history":[{"count":3,"href":"https:\/\/www.lejournalduforkane.com\/index.php\/wp-json\/wp\/v2\/posts\/2844\/revisions"}],"predecessor-version":[{"id":19328,"href":"https:\/\/www.lejournalduforkane.com\/index.php\/wp-json\/wp\/v2\/posts\/2844\/revisions\/19328"}],"wp:featuredmedia":[{"embeddable":true,"href":"https:\/\/www.lejournalduforkane.com\/index.php\/wp-json\/wp\/v2\/media\/19326"}],"wp:attachment":[{"href":"https:\/\/www.lejournalduforkane.com\/index.php\/wp-json\/wp\/v2\/media?parent=2844"}],"wp:term":[{"taxonomy":"category","embeddable":true,"href":"https:\/\/www.lejournalduforkane.com\/index.php\/wp-json\/wp\/v2\/categories?post=2844"},{"taxonomy":"post_tag","embeddable":true,"href":"https:\/\/www.lejournalduforkane.com\/index.php\/wp-json\/wp\/v2\/tags?post=2844"}],"curies":[{"name":"wp","href":"https:\/\/api.w.org\/{rel}","templated":true}]}}