
{"id":28472,"date":"2022-05-05T16:20:00","date_gmt":"2022-05-05T16:20:00","guid":{"rendered":"https:\/\/www.lejournalduforkane.com\/?p=28472"},"modified":"2022-05-06T16:22:53","modified_gmt":"2022-05-06T16:22:53","slug":"palestine-au-moins-3-morts-sionistes-tues-par-un-palestinien-dans-la-colonie-dilad","status":"publish","type":"post","link":"https:\/\/www.lejournalduforkane.com\/index.php\/palestine-au-moins-3-morts-sionistes-tues-par-un-palestinien-dans-la-colonie-dilad\/","title":{"rendered":"Palestine  : au moins 3 morts sionistes tu\u00e9s par un Palestinien dans la colonie d&rsquo;Ilad"},"content":{"rendered":"<div class=\"kvgmc6g5 cxmmr5t8 oygrvhab hcukyx3x c1et5uql ii04i59q\">\n<div dir=\"auto\">Palestine <span class=\"pq6dq46d tbxw36s4 knj5qynh kvgmc6g5 ditlmg2l oygrvhab nvdbi5me sf5mxxl7 gl3lb2sf hhz5lgdu\"><img loading=\"lazy\" src=\"https:\/\/static.xx.fbcdn.net\/images\/emoji.php\/v9\/t67\/1\/16\/1f1f5_1f1f8.png\" alt=\"\ud83c\uddf5\ud83c\uddf8\" width=\"16\" height=\"16\" \/><\/span> : au moins 3 morts sionistes tu\u00e9s par un Palestinien dans la colonie d&rsquo;Ilad<\/div>\n<\/div>\n<div class=\"cxmmr5t8 oygrvhab hcukyx3x c1et5uql o9v6fnle ii04i59q\">\n<div dir=\"auto\">Bilan provisoire :<\/div>\n<div dir=\"auto\">&#8211; 3 morts<\/div>\n<div dir=\"auto\">&#8211; 2 bless\u00e9s dans un \u00e9tat critique<\/div>\n<div dir=\"auto\">&#8211; 1 bless\u00e9 grave<\/div>\n<\/div>\n\n\n<iframe loading=\"lazy\" src=\"https:\/\/www.facebook.com\/plugins\/video.php?height=476&#038;href=https%3A%2F%2Fwww.facebook.com%2Fle.journal.du.forqane%2Fvideos%2F764384888271187%2F&#038;show_text=false&#038;width=262&#038;t=0\" width=\"262\" height=\"476\" style=\"border:none;overflow:hidden\" scrolling=\"no\" frameborder=\"0\" allowfullscreen=\"true\" allow=\"autoplay; clipboard-write; encrypted-media; picture-in-picture; web-share\" allowFullScreen=\"true\"><\/iframe>\n","protected":false},"excerpt":{"rendered":"<p>Palestine : au moins 3 morts sionistes tu\u00e9s par un Palestinien dans la colonie d&rsquo;Ilad Bilan provisoire : &#8211; 3 morts &#8211; 2 bless\u00e9s dans un \u00e9tat critique &#8211; 1<\/p>\n","protected":false},"author":2,"featured_media":28473,"comment_status":"closed","ping_status":"open","sticky":false,"template":"","format":"standard","meta":[],"categories":[],"tags":[],"_links":{"self":[{"href":"https:\/\/www.lejournalduforkane.com\/index.php\/wp-json\/wp\/v2\/posts\/28472"}],"collection":[{"href":"https:\/\/www.lejournalduforkane.com\/index.php\/wp-json\/wp\/v2\/posts"}],"about":[{"href":"https:\/\/www.lejournalduforkane.com\/index.php\/wp-json\/wp\/v2\/types\/post"}],"author":[{"embeddable":true,"href":"https:\/\/www.lejournalduforkane.com\/index.php\/wp-json\/wp\/v2\/users\/2"}],"replies":[{"embeddable":true,"href":"https:\/\/www.lejournalduforkane.com\/index.php\/wp-json\/wp\/v2\/comments?post=28472"}],"version-history":[{"count":1,"href":"https:\/\/www.lejournalduforkane.com\/index.php\/wp-json\/wp\/v2\/posts\/28472\/revisions"}],"predecessor-version":[{"id":28474,"href":"https:\/\/www.lejournalduforkane.com\/index.php\/wp-json\/wp\/v2\/posts\/28472\/revisions\/28474"}],"wp:featuredmedia":[{"embeddable":true,"href":"https:\/\/www.lejournalduforkane.com\/index.php\/wp-json\/wp\/v2\/media\/28473"}],"wp:attachment":[{"href":"https:\/\/www.lejournalduforkane.com\/index.php\/wp-json\/wp\/v2\/media?parent=28472"}],"wp:term":[{"taxonomy":"category","embeddable":true,"href":"https:\/\/www.lejournalduforkane.com\/index.php\/wp-json\/wp\/v2\/categories?post=28472"},{"taxonomy":"post_tag","embeddable":true,"href":"https:\/\/www.lejournalduforkane.com\/index.php\/wp-json\/wp\/v2\/tags?post=28472"}],"curies":[{"name":"wp","href":"https:\/\/api.w.org\/{rel}","templated":true}]}}