
{"id":28496,"date":"2022-05-09T15:32:00","date_gmt":"2022-05-09T15:32:00","guid":{"rendered":"https:\/\/www.lejournalduforkane.com\/?p=28496"},"modified":"2022-05-10T15:34:06","modified_gmt":"2022-05-10T15:34:06","slug":"irak-tir-de-missile-guide-sur-un-groupes-de-soldats-de-larmee-de-turquie-8-morts","status":"publish","type":"post","link":"https:\/\/www.lejournalduforkane.com\/index.php\/irak-tir-de-missile-guide-sur-un-groupes-de-soldats-de-larmee-de-turquie-8-morts\/","title":{"rendered":"Irak\u00a0: tir de missile guid\u00e9 sur un groupes de soldats de l&rsquo;arm\u00e9e de Turquie&#8230; 8 morts !"},"content":{"rendered":"<div class=\"kvgmc6g5 cxmmr5t8 oygrvhab hcukyx3x c1et5uql\">\n<div dir=\"auto\">Irak\u00a0<span class=\"pq6dq46d tbxw36s4 knj5qynh kvgmc6g5 ditlmg2l oygrvhab nvdbi5me sf5mxxl7 gl3lb2sf hhz5lgdu\"><img loading=\"lazy\" src=\"https:\/\/static.xx.fbcdn.net\/images\/emoji.php\/v9\/t36\/1\/16\/1f1ee_1f1f6.png\" alt=\"\ud83c\uddee\ud83c\uddf6\" width=\"16\" height=\"16\" \/><\/span>\u00a0: tir de missile guid\u00e9 sur un groupes de soldats de l&rsquo;arm\u00e9e de Turquie&#8230; 8 morts !<\/div>\n<\/div>\n<div class=\"cxmmr5t8 oygrvhab hcukyx3x c1et5uql o9v6fnle\">\n<div dir=\"auto\">L&rsquo;occupant et despote turque devra expliquer aux m\u00e8res des soldats pourquoi ils ont trouv\u00e9 une mort inutile et pitoyable en Irak plut\u00f4t qu&rsquo;un martyre glorieux pour la Palestine\u00a0<span class=\"pq6dq46d tbxw36s4 knj5qynh kvgmc6g5 ditlmg2l oygrvhab nvdbi5me sf5mxxl7 gl3lb2sf hhz5lgdu\"><img loading=\"lazy\" src=\"https:\/\/static.xx.fbcdn.net\/images\/emoji.php\/v9\/t67\/1\/16\/1f1f5_1f1f8.png\" alt=\"\ud83c\uddf5\ud83c\uddf8\" width=\"16\" height=\"16\" \/><\/span>&#8230;<\/div>\n<\/div>\n<div class=\"cxmmr5t8 oygrvhab hcukyx3x c1et5uql o9v6fnle\">\n<div dir=\"auto\">La sc\u00e8ne a eu lieu dans le nord de l&rsquo;Irak dans la r\u00e9gion d&rsquo;Afashin au sein du gouvernorat de Dohuk.<\/div>\n<div dir=\"auto\">L&rsquo;op\u00e9ration a entra\u00een\u00e9 la mort de 8 soldats et bless\u00e9 deux autres.<\/div>\n<\/div>\n\n\n<iframe loading=\"lazy\" src=\"https:\/\/www.facebook.com\/plugins\/video.php?height=314&#038;href=https%3A%2F%2Fwww.facebook.com%2Fle.journal.du.forqane%2Fvideos%2F568579181298132%2F&#038;show_text=false&#038;width=560&#038;t=0\" width=\"560\" height=\"314\" style=\"border:none;overflow:hidden\" scrolling=\"no\" frameborder=\"0\" allowfullscreen=\"true\" allow=\"autoplay; clipboard-write; encrypted-media; picture-in-picture; web-share\" allowFullScreen=\"true\"><\/iframe>\n","protected":false},"excerpt":{"rendered":"<p>Irak\u00a0\u00a0: tir de missile guid\u00e9 sur un groupes de soldats de l&rsquo;arm\u00e9e de Turquie&#8230; 8 morts ! L&rsquo;occupant et despote turque devra expliquer aux m\u00e8res des soldats pourquoi ils ont<\/p>\n","protected":false},"author":2,"featured_media":28497,"comment_status":"closed","ping_status":"open","sticky":false,"template":"","format":"standard","meta":[],"categories":[],"tags":[],"_links":{"self":[{"href":"https:\/\/www.lejournalduforkane.com\/index.php\/wp-json\/wp\/v2\/posts\/28496"}],"collection":[{"href":"https:\/\/www.lejournalduforkane.com\/index.php\/wp-json\/wp\/v2\/posts"}],"about":[{"href":"https:\/\/www.lejournalduforkane.com\/index.php\/wp-json\/wp\/v2\/types\/post"}],"author":[{"embeddable":true,"href":"https:\/\/www.lejournalduforkane.com\/index.php\/wp-json\/wp\/v2\/users\/2"}],"replies":[{"embeddable":true,"href":"https:\/\/www.lejournalduforkane.com\/index.php\/wp-json\/wp\/v2\/comments?post=28496"}],"version-history":[{"count":1,"href":"https:\/\/www.lejournalduforkane.com\/index.php\/wp-json\/wp\/v2\/posts\/28496\/revisions"}],"predecessor-version":[{"id":28498,"href":"https:\/\/www.lejournalduforkane.com\/index.php\/wp-json\/wp\/v2\/posts\/28496\/revisions\/28498"}],"wp:featuredmedia":[{"embeddable":true,"href":"https:\/\/www.lejournalduforkane.com\/index.php\/wp-json\/wp\/v2\/media\/28497"}],"wp:attachment":[{"href":"https:\/\/www.lejournalduforkane.com\/index.php\/wp-json\/wp\/v2\/media?parent=28496"}],"wp:term":[{"taxonomy":"category","embeddable":true,"href":"https:\/\/www.lejournalduforkane.com\/index.php\/wp-json\/wp\/v2\/categories?post=28496"},{"taxonomy":"post_tag","embeddable":true,"href":"https:\/\/www.lejournalduforkane.com\/index.php\/wp-json\/wp\/v2\/tags?post=28496"}],"curies":[{"name":"wp","href":"https:\/\/api.w.org\/{rel}","templated":true}]}}