
{"id":28511,"date":"2022-05-10T11:24:00","date_gmt":"2022-05-10T11:24:00","guid":{"rendered":"https:\/\/www.lejournalduforkane.com\/?p=28511"},"modified":"2022-05-11T11:29:44","modified_gmt":"2022-05-11T11:29:44","slug":"palestine-occupee-des-filles-battues-par-les-forces-de-lentite-sioniste","status":"publish","type":"post","link":"https:\/\/www.lejournalduforkane.com\/index.php\/palestine-occupee-des-filles-battues-par-les-forces-de-lentite-sioniste\/","title":{"rendered":"Palestine occup\u00e9e : des filles battues par les forces de l&rsquo;entit\u00e9 sioniste"},"content":{"rendered":"<div class=\"kvgmc6g5 cxmmr5t8 oygrvhab hcukyx3x c1et5uql ii04i59q\">\n<div dir=\"auto\">Palestine <span class=\"pq6dq46d tbxw36s4 knj5qynh kvgmc6g5 ditlmg2l oygrvhab nvdbi5me sf5mxxl7 gl3lb2sf hhz5lgdu\"><img loading=\"lazy\" src=\"https:\/\/static.xx.fbcdn.net\/images\/emoji.php\/v9\/t67\/1\/16\/1f1f5_1f1f8.png\" alt=\"\ud83c\uddf5\ud83c\uddf8\" width=\"16\" height=\"16\" \/><\/span> occup\u00e9e : des filles battues par les forces de l&rsquo;entit\u00e9 sioniste<\/div>\n<\/div>\n<div class=\"cxmmr5t8 oygrvhab hcukyx3x c1et5uql o9v6fnle ii04i59q\">\n<div dir=\"auto\">La sc\u00e8ne a eu lieu il y a quelques jours, lorsque des filles qui avaient particip\u00e9 \u00e0 la \u00ab\u00a0Marche du retour\u00a0\u00bb ont hiss\u00e9 le drapeau palestinien avant d&rsquo;\u00eatre battues par la police terroriste isra\u00e9lienne.<\/div>\n<\/div>\n\n\n<iframe loading=\"lazy\" src=\"https:\/\/www.facebook.com\/plugins\/video.php?height=476&#038;href=https%3A%2F%2Fwww.facebook.com%2Fle.journal.du.forqane%2Fvideos%2F746170863189321%2F&#038;show_text=false&#038;width=273&#038;t=0\" width=\"273\" height=\"476\" style=\"border:none;overflow:hidden\" scrolling=\"no\" frameborder=\"0\" allowfullscreen=\"true\" allow=\"autoplay; clipboard-write; encrypted-media; picture-in-picture; web-share\" allowFullScreen=\"true\"><\/iframe>\n","protected":false},"excerpt":{"rendered":"<p>Palestine occup\u00e9e : des filles battues par les forces de l&rsquo;entit\u00e9 sioniste La sc\u00e8ne a eu lieu il y a quelques jours, lorsque des filles qui avaient particip\u00e9 \u00e0 la<\/p>\n","protected":false},"author":2,"featured_media":28512,"comment_status":"closed","ping_status":"open","sticky":false,"template":"","format":"standard","meta":[],"categories":[],"tags":[],"_links":{"self":[{"href":"https:\/\/www.lejournalduforkane.com\/index.php\/wp-json\/wp\/v2\/posts\/28511"}],"collection":[{"href":"https:\/\/www.lejournalduforkane.com\/index.php\/wp-json\/wp\/v2\/posts"}],"about":[{"href":"https:\/\/www.lejournalduforkane.com\/index.php\/wp-json\/wp\/v2\/types\/post"}],"author":[{"embeddable":true,"href":"https:\/\/www.lejournalduforkane.com\/index.php\/wp-json\/wp\/v2\/users\/2"}],"replies":[{"embeddable":true,"href":"https:\/\/www.lejournalduforkane.com\/index.php\/wp-json\/wp\/v2\/comments?post=28511"}],"version-history":[{"count":1,"href":"https:\/\/www.lejournalduforkane.com\/index.php\/wp-json\/wp\/v2\/posts\/28511\/revisions"}],"predecessor-version":[{"id":28513,"href":"https:\/\/www.lejournalduforkane.com\/index.php\/wp-json\/wp\/v2\/posts\/28511\/revisions\/28513"}],"wp:featuredmedia":[{"embeddable":true,"href":"https:\/\/www.lejournalduforkane.com\/index.php\/wp-json\/wp\/v2\/media\/28512"}],"wp:attachment":[{"href":"https:\/\/www.lejournalduforkane.com\/index.php\/wp-json\/wp\/v2\/media?parent=28511"}],"wp:term":[{"taxonomy":"category","embeddable":true,"href":"https:\/\/www.lejournalduforkane.com\/index.php\/wp-json\/wp\/v2\/categories?post=28511"},{"taxonomy":"post_tag","embeddable":true,"href":"https:\/\/www.lejournalduforkane.com\/index.php\/wp-json\/wp\/v2\/tags?post=28511"}],"curies":[{"name":"wp","href":"https:\/\/api.w.org\/{rel}","templated":true}]}}