
{"id":28520,"date":"2022-05-11T17:20:23","date_gmt":"2022-05-11T17:20:23","guid":{"rendered":"https:\/\/www.lejournalduforkane.com\/?p=28520"},"modified":"2022-05-11T17:20:25","modified_gmt":"2022-05-11T17:20:25","slug":"cartographie-de-la-nakba-une-chronologie-du-depeuplement-systematique-et-de-leffacement-des-villes-et-villages-palestiniens-en-1948","status":"publish","type":"post","link":"https:\/\/www.lejournalduforkane.com\/index.php\/cartographie-de-la-nakba-une-chronologie-du-depeuplement-systematique-et-de-leffacement-des-villes-et-villages-palestiniens-en-1948\/","title":{"rendered":"Cartographie de la Nakba. Une chronologie du d\u00e9peuplement syst\u00e9matique et de l&rsquo;effacement des villes et villages palestiniens en 1948."},"content":{"rendered":"<div class=\"kvgmc6g5 cxmmr5t8 oygrvhab hcukyx3x c1et5uql\">\n<div dir=\"auto\">Cartographie de la Nakba. Une chronologie du d\u00e9peuplement syst\u00e9matique et de l&rsquo;effacement des villes et villages palestiniens en 1948.<\/div>\n<\/div>\n<div class=\"cxmmr5t8 oygrvhab hcukyx3x c1et5uql o9v6fnle\">\n<div dir=\"auto\">Une pulsation par village nettoy\u00e9 ethniquement et\/ou d\u00e9truit.<\/div>\n<\/div>\n\n\n<iframe loading=\"lazy\" src=\"https:\/\/www.facebook.com\/plugins\/video.php?height=314&#038;href=https%3A%2F%2Fwww.facebook.com%2Fle.journal.du.forqane%2Fvideos%2F538672171156841%2F&#038;show_text=false&#038;width=560&#038;t=0\" width=\"560\" height=\"314\" style=\"border:none;overflow:hidden\" scrolling=\"no\" frameborder=\"0\" allowfullscreen=\"true\" allow=\"autoplay; clipboard-write; encrypted-media; picture-in-picture; web-share\" allowFullScreen=\"true\"><\/iframe>\n","protected":false},"excerpt":{"rendered":"<p>Cartographie de la Nakba. Une chronologie du d\u00e9peuplement syst\u00e9matique et de l&rsquo;effacement des villes et villages palestiniens en 1948. Une pulsation par village nettoy\u00e9 ethniquement et\/ou d\u00e9truit.<\/p>\n","protected":false},"author":2,"featured_media":28521,"comment_status":"closed","ping_status":"open","sticky":false,"template":"","format":"standard","meta":[],"categories":[],"tags":[],"_links":{"self":[{"href":"https:\/\/www.lejournalduforkane.com\/index.php\/wp-json\/wp\/v2\/posts\/28520"}],"collection":[{"href":"https:\/\/www.lejournalduforkane.com\/index.php\/wp-json\/wp\/v2\/posts"}],"about":[{"href":"https:\/\/www.lejournalduforkane.com\/index.php\/wp-json\/wp\/v2\/types\/post"}],"author":[{"embeddable":true,"href":"https:\/\/www.lejournalduforkane.com\/index.php\/wp-json\/wp\/v2\/users\/2"}],"replies":[{"embeddable":true,"href":"https:\/\/www.lejournalduforkane.com\/index.php\/wp-json\/wp\/v2\/comments?post=28520"}],"version-history":[{"count":1,"href":"https:\/\/www.lejournalduforkane.com\/index.php\/wp-json\/wp\/v2\/posts\/28520\/revisions"}],"predecessor-version":[{"id":28522,"href":"https:\/\/www.lejournalduforkane.com\/index.php\/wp-json\/wp\/v2\/posts\/28520\/revisions\/28522"}],"wp:featuredmedia":[{"embeddable":true,"href":"https:\/\/www.lejournalduforkane.com\/index.php\/wp-json\/wp\/v2\/media\/28521"}],"wp:attachment":[{"href":"https:\/\/www.lejournalduforkane.com\/index.php\/wp-json\/wp\/v2\/media?parent=28520"}],"wp:term":[{"taxonomy":"category","embeddable":true,"href":"https:\/\/www.lejournalduforkane.com\/index.php\/wp-json\/wp\/v2\/categories?post=28520"},{"taxonomy":"post_tag","embeddable":true,"href":"https:\/\/www.lejournalduforkane.com\/index.php\/wp-json\/wp\/v2\/tags?post=28520"}],"curies":[{"name":"wp","href":"https:\/\/api.w.org\/{rel}","templated":true}]}}