
{"id":28541,"date":"2022-05-13T15:57:34","date_gmt":"2022-05-13T15:57:34","guid":{"rendered":"https:\/\/www.lejournalduforkane.com\/?p=28541"},"modified":"2022-05-13T15:57:35","modified_gmt":"2022-05-13T15:57:35","slug":"les-funerailles-de-shirine-abu-aqleh-sont-reprimees-en-direct","status":"publish","type":"post","link":"https:\/\/www.lejournalduforkane.com\/index.php\/les-funerailles-de-shirine-abu-aqleh-sont-reprimees-en-direct\/","title":{"rendered":"Les fun\u00e9railles de Shirine Abu Aqleh sont r\u00e9prim\u00e9es en direct."},"content":{"rendered":"<div class=\"kvgmc6g5 cxmmr5t8 oygrvhab hcukyx3x c1et5uql ii04i59q\">\n<div dir=\"auto\">Les fun\u00e9railles de Shirine Abu Aqleh sont r\u00e9prim\u00e9es en direct.<\/div>\n<\/div>\n<div class=\"cxmmr5t8 oygrvhab hcukyx3x c1et5uql o9v6fnle ii04i59q\">\n<div dir=\"auto\">Les forces d\u2019occupation s\u2019en sont pris \u00e0 la d\u00e9pouille de la journaliste. Le cercueil a failli tomb\u00e9 au sol et les drapeaux palestiniens ont \u00e9t\u00e9 retir\u00e9s de force.<\/div>\n<\/div>\n\n\n<iframe loading=\"lazy\" src=\"https:\/\/www.facebook.com\/plugins\/video.php?height=314&#038;href=https%3A%2F%2Fwww.facebook.com%2Fle.journal.du.forqane%2Fvideos%2F972184563466322%2F&#038;show_text=false&#038;width=560&#038;t=0\" width=\"560\" height=\"314\" style=\"border:none;overflow:hidden\" scrolling=\"no\" frameborder=\"0\" allowfullscreen=\"true\" allow=\"autoplay; clipboard-write; encrypted-media; picture-in-picture; web-share\" allowFullScreen=\"true\"><\/iframe>\n","protected":false},"excerpt":{"rendered":"<p>Les fun\u00e9railles de Shirine Abu Aqleh sont r\u00e9prim\u00e9es en direct. Les forces d\u2019occupation s\u2019en sont pris \u00e0 la d\u00e9pouille de la journaliste. Le cercueil a failli tomb\u00e9 au sol et<\/p>\n","protected":false},"author":2,"featured_media":28542,"comment_status":"closed","ping_status":"open","sticky":false,"template":"","format":"standard","meta":[],"categories":[],"tags":[],"_links":{"self":[{"href":"https:\/\/www.lejournalduforkane.com\/index.php\/wp-json\/wp\/v2\/posts\/28541"}],"collection":[{"href":"https:\/\/www.lejournalduforkane.com\/index.php\/wp-json\/wp\/v2\/posts"}],"about":[{"href":"https:\/\/www.lejournalduforkane.com\/index.php\/wp-json\/wp\/v2\/types\/post"}],"author":[{"embeddable":true,"href":"https:\/\/www.lejournalduforkane.com\/index.php\/wp-json\/wp\/v2\/users\/2"}],"replies":[{"embeddable":true,"href":"https:\/\/www.lejournalduforkane.com\/index.php\/wp-json\/wp\/v2\/comments?post=28541"}],"version-history":[{"count":1,"href":"https:\/\/www.lejournalduforkane.com\/index.php\/wp-json\/wp\/v2\/posts\/28541\/revisions"}],"predecessor-version":[{"id":28543,"href":"https:\/\/www.lejournalduforkane.com\/index.php\/wp-json\/wp\/v2\/posts\/28541\/revisions\/28543"}],"wp:featuredmedia":[{"embeddable":true,"href":"https:\/\/www.lejournalduforkane.com\/index.php\/wp-json\/wp\/v2\/media\/28542"}],"wp:attachment":[{"href":"https:\/\/www.lejournalduforkane.com\/index.php\/wp-json\/wp\/v2\/media?parent=28541"}],"wp:term":[{"taxonomy":"category","embeddable":true,"href":"https:\/\/www.lejournalduforkane.com\/index.php\/wp-json\/wp\/v2\/categories?post=28541"},{"taxonomy":"post_tag","embeddable":true,"href":"https:\/\/www.lejournalduforkane.com\/index.php\/wp-json\/wp\/v2\/tags?post=28541"}],"curies":[{"name":"wp","href":"https:\/\/api.w.org\/{rel}","templated":true}]}}