
{"id":28590,"date":"2022-05-22T17:26:00","date_gmt":"2022-05-22T17:26:00","guid":{"rendered":"https:\/\/www.lejournalduforkane.com\/?p=28590"},"modified":"2022-05-25T17:28:10","modified_gmt":"2022-05-25T17:28:10","slug":"larmee-francaise-creee-des-faux-compte-facebook-pour-destabiliser-les-pays-africains","status":"publish","type":"post","link":"https:\/\/www.lejournalduforkane.com\/index.php\/larmee-francaise-creee-des-faux-compte-facebook-pour-destabiliser-les-pays-africains\/","title":{"rendered":"L&rsquo;arm\u00e9e fran\u00e7aise cr\u00e9\u00e9e des faux compte Facebook pour d\u00e9stabiliser les pays africains"},"content":{"rendered":"\n<blockquote class=\"tiktok-embed\" cite=\"https:\/\/www.tiktok.com\/@boubskta0\/video\/7100309134309936389\" data-video-id=\"7100309134309936389\" style=\"max-width: 605px;min-width: 325px;\" > <section> <a target=\"_blank\" title=\"@boubskta0\" href=\"https:\/\/www.tiktok.com\/@boubskta0\" rel=\"noopener\">@boubskta0<\/a> <p><\/p> <a target=\"_blank\" title=\"\u266c son original - Boubs Kta\" href=\"https:\/\/www.tiktok.com\/music\/son-original-7100313441948142342\" rel=\"noopener\">\u266c son original &#8211; Boubs Kta<\/a> <\/section> <\/blockquote> <script async src=\"https:\/\/www.tiktok.com\/embed.js\"><\/script>\n","protected":false},"excerpt":{"rendered":"<p>@boubskta0 \u266c son original &#8211; Boubs Kta<\/p>\n","protected":false},"author":2,"featured_media":28591,"comment_status":"closed","ping_status":"open","sticky":false,"template":"","format":"standard","meta":[],"categories":[],"tags":[],"_links":{"self":[{"href":"https:\/\/www.lejournalduforkane.com\/index.php\/wp-json\/wp\/v2\/posts\/28590"}],"collection":[{"href":"https:\/\/www.lejournalduforkane.com\/index.php\/wp-json\/wp\/v2\/posts"}],"about":[{"href":"https:\/\/www.lejournalduforkane.com\/index.php\/wp-json\/wp\/v2\/types\/post"}],"author":[{"embeddable":true,"href":"https:\/\/www.lejournalduforkane.com\/index.php\/wp-json\/wp\/v2\/users\/2"}],"replies":[{"embeddable":true,"href":"https:\/\/www.lejournalduforkane.com\/index.php\/wp-json\/wp\/v2\/comments?post=28590"}],"version-history":[{"count":1,"href":"https:\/\/www.lejournalduforkane.com\/index.php\/wp-json\/wp\/v2\/posts\/28590\/revisions"}],"predecessor-version":[{"id":28592,"href":"https:\/\/www.lejournalduforkane.com\/index.php\/wp-json\/wp\/v2\/posts\/28590\/revisions\/28592"}],"wp:featuredmedia":[{"embeddable":true,"href":"https:\/\/www.lejournalduforkane.com\/index.php\/wp-json\/wp\/v2\/media\/28591"}],"wp:attachment":[{"href":"https:\/\/www.lejournalduforkane.com\/index.php\/wp-json\/wp\/v2\/media?parent=28590"}],"wp:term":[{"taxonomy":"category","embeddable":true,"href":"https:\/\/www.lejournalduforkane.com\/index.php\/wp-json\/wp\/v2\/categories?post=28590"},{"taxonomy":"post_tag","embeddable":true,"href":"https:\/\/www.lejournalduforkane.com\/index.php\/wp-json\/wp\/v2\/tags?post=28590"}],"curies":[{"name":"wp","href":"https:\/\/api.w.org\/{rel}","templated":true}]}}